{"id":56830,"date":"2019-08-14T07:45:49","date_gmt":"2019-08-14T10:45:49","guid":{"rendered":"http:\/\/vinasfm.com\/noticias\/?p=56830"},"modified":"2019-08-14T08:29:13","modified_gmt":"2019-08-14T11:29:13","slug":"pioneros-del-agua-una-muestra-para-conocer-la-historia-de-nuestro-oasis","status":"publish","type":"post","link":"https:\/\/vinasfm.com\/noticias\/pioneros-del-agua-una-muestra-para-conocer-la-historia-de-nuestro-oasis\/","title":{"rendered":"&#8216;PIONEROS DEL AGUA&#8217;: UNA MUESTRA PARA CONOCER LA HISTORIA DE NUESTRO OASIS"},"content":{"rendered":"<h4 dir=\"ltr\"><strong>\u201cPioneros del Agua\u201d, el homenaje a Galileo Vitali, ya se puede apreciar en el Museo de Ciencias Naturales Rafael Reinoso. Una muestra que cuenta la historia de Irrigaci\u00f3n y c\u00f3mo General Alvear se transform\u00f3 en un gran oasis.<\/strong><\/h4>\n<p dir=\"ltr\"><strong>Galileo Vitali<\/strong> es uno de los estudiosos m\u00e1s consecuente y m\u00e1s constructivo de la hidrolog\u00eda regional del siglo pasado, es as\u00ed que esta muestra es un justo homenaje para un hombre que tanto hizo para que nuestra regi\u00f3n sea el oasis que es hoy. \u201c<em>En esta muestra se resalta la importancia de los pioneros de Irrigaci\u00f3n, ac\u00e1 se van a poder observar im\u00e1genes y cuadros del archivo hist\u00f3rico de aguas de la sede de Irrigaci\u00f3n Provincial<\/em>\u201d, explic\u00f3 <strong>Gabriela Chiapa<\/strong>, <strong>Coordinadora de Museos de nuestro departamento<\/strong>.<\/p>\n<p dir=\"ltr\">La muestra es organizada por la Municipalidad de General Alvear, el Departamento General de Irrigaci\u00f3n y la Escuela R\u00edo Atuel, y si bien se enfoca \u00edntegramente en la vida de Galileo Vitali tambi\u00e9n se exhibir\u00e1 un video donde se pueden apreciar algunas de las construcciones m\u00e1s importantes de la irrigaci\u00f3n mendocina.<\/p>\n<p dir=\"ltr\">Como novedad, los visitantes podr\u00e1n descargar de manera gratuita el libro \u201c<strong><em>Hidrolog\u00eda Mendocina<\/em><\/strong>\u201d escrito por Galileo Vitali en la d\u00e9cada del 40, una forma de aprender m\u00e1s acerca de c\u00f3mo nuestra provincia se transform\u00f3 en el oasis m\u00e1s pr\u00f3spero del Pa\u00eds.<\/p>\n<p dir=\"ltr\">La muestra se puede apreciar en el <strong>Museo de Ciencias Naturales Rafael Reinoso<\/strong> y se extender\u00e1 por todo el mes de agosto.<\/p>\n<h5 dir=\"ltr\"><em>F.B. (F.M. Vi\u00f1as).<\/em><\/h5>\n","protected":false},"excerpt":{"rendered":"<p>\u201cPioneros del Agua\u201d, el homenaje a Galileo Vitali, ya se puede apreciar en el Museo de Ciencias Naturales Rafael Reinoso. Una &#8230;<\/p>\n","protected":false},"author":8,"featured_media":56831,"comment_status":"open","ping_status":"open","sticky":false,"template":"","format":"standard","meta":{"footnotes":""},"categories":[5,19],"tags":[],"class_list":["post-56830","post","type-post","status-publish","format-standard","has-post-thumbnail","hentry","category-actualidad","category-cultura"],"_links":{"self":[{"href":"https:\/\/vinasfm.com\/noticias\/wp-json\/wp\/v2\/posts\/56830","targetHints":{"allow":["GET"]}}],"collection":[{"href":"https:\/\/vinasfm.com\/noticias\/wp-json\/wp\/v2\/posts"}],"about":[{"href":"https:\/\/vinasfm.com\/noticias\/wp-json\/wp\/v2\/types\/post"}],"author":[{"embeddable":true,"href":"https:\/\/vinasfm.com\/noticias\/wp-json\/wp\/v2\/users\/8"}],"replies":[{"embeddable":true,"href":"https:\/\/vinasfm.com\/noticias\/wp-json\/wp\/v2\/comments?post=56830"}],"version-history":[{"count":1,"href":"https:\/\/vinasfm.com\/noticias\/wp-json\/wp\/v2\/posts\/56830\/revisions"}],"predecessor-version":[{"id":56832,"href":"https:\/\/vinasfm.com\/noticias\/wp-json\/wp\/v2\/posts\/56830\/revisions\/56832"}],"wp:featuredmedia":[{"embeddable":true,"href":"https:\/\/vinasfm.com\/noticias\/wp-json\/wp\/v2\/media\/56831"}],"wp:attachment":[{"href":"https:\/\/vinasfm.com\/noticias\/wp-json\/wp\/v2\/media?parent=56830"}],"wp:term":[{"taxonomy":"category","embeddable":true,"href":"https:\/\/vinasfm.com\/noticias\/wp-json\/wp\/v2\/categories?post=56830"},{"taxonomy":"post_tag","embeddable":true,"href":"https:\/\/vinasfm.com\/noticias\/wp-json\/wp\/v2\/tags?post=56830"}],"curies":[{"name":"wp","href":"https:\/\/api.w.org\/{rel}","templated":true}]}}