{"id":56815,"date":"2019-08-14T08:20:55","date_gmt":"2019-08-14T11:20:55","guid":{"rendered":"http:\/\/vinasfm.com\/noticias\/?p=56815"},"modified":"2019-08-16T09:42:50","modified_gmt":"2019-08-16T12:42:50","slug":"se-concreta-el-avance-de-importantes-obras-en-alvear-oeste","status":"publish","type":"post","link":"https:\/\/vinasfm.com\/noticias\/se-concreta-el-avance-de-importantes-obras-en-alvear-oeste\/","title":{"rendered":"SE CONCRETA EL AVANCE DE IMPORTANTES OBRAS EN ALVEAR OESTE"},"content":{"rendered":"<h4><strong>La Delegaci\u00f3n Municipal de Alvear Oeste se encuentra realizando diferentes obras que beneficiar\u00e1n a los vecinos del lugar brind\u00e1ndoles mejores servicios y \u00a0mejor calidad de vida. El Delegado Mariano Varela detall\u00f3 el avance de la nueva Delegaci\u00f3n, futuro museo distrital, licitaci\u00f3n de cloacas y remodelaci\u00f3n de la plaza Manuel Belgrano.<\/strong><\/h4>\n<p><strong>NUEVA DELEGACI\u00d3N <\/strong><\/p>\n<p>Se trata de <strong>la renovaci\u00f3n y remodelaci\u00f3n de la vieja estaci\u00f3n de \u00f3mnibus del Distrito<\/strong>, donde va a mudar sus oficinas de atenci\u00f3n al p\u00fablico en unos treinta d\u00edas aproximadamente.<\/p>\n<p>Esta obra\u00a0<strong>se est\u00e1 ejecutando por administraci\u00f3n<\/strong>,\u00a0<strong>restan detalles de electrotecnia y la pr\u00f3xima semana se fijar\u00e1 fecha para su inauguraci\u00f3n <\/strong>para luego ser operativa, luego de la mudanza.<\/p>\n<p>\u201c<em>Lo grueso se ha terminado, como son las cloacas, agua, la parte el\u00e9ctrica y estamos con lo fino: colocaci\u00f3n de cer\u00e1mica, luminarias, cielo raso y durlock. Es un gran sacrificio por parte del municipio y del intendente, se ha realizado un trabajo arduo que est\u00e1 llegando a su punto culmine, se est\u00e1n haciendo las terminaciones. Lo bueno es que vamos a contar con lugar propio<\/em>\u201d, asever\u00f3 <strong>el Delegado Mariano Varela.<\/strong><\/p>\n<p>A la vieja estaci\u00f3n de colectivos se va a trasladar la atenci\u00f3n al p\u00fablico de la Delegaci\u00f3n, la cobranza de tasas municipales, el canon de la licencia de conducir, la oficina del Delegado y la cocina.\u00a0<strong>En una segunda etapa habr\u00e1 galpones y cuatro dep\u00f3sitos y se piensa en una tercera con la construcci\u00f3n de un SUM<\/strong>\u00a0para que los vecinos puedan reunirse, subray\u00f3 el\u00a0<strong>Delegado<\/strong>.<\/p>\n<p><strong>CASA CABRAL: FUTURO MUSEO DE ALVEAR OESTE<\/strong><\/p>\n<p>\u201c<em>La Casa Cabral es hermosa pero no est\u00e1 para funcionar como Delegaci\u00f3n por eso apenas comenzamos nuestra tarea el Intendente nos pido imperiosamente hacer la nueva Delegaci\u00f3n. Ha llevado su tiempo pero va a tener su fruto prestando comodidad a los trabajadores y brindar servicios a los vecinos de Alvear Oeste<\/em>\u201d, subray\u00f3 <strong>Varela<\/strong>.<\/p>\n<p>De acuerdo a un trabajo de proyecci\u00f3n con la <strong>Direcci\u00f3n de Cultura<\/strong> y <strong>\u00c1rea de Museos<\/strong>, la <strong>Casa Cabral<\/strong> est\u00e1 destinada a ser el <strong>MUSEO DE ALVEAR OESTE <\/strong>bajo dos tem\u00e1ticas: <strong><em>Ferrocarril<\/em><\/strong> y <strong><em>Reinas de la Vendimia<\/em><\/strong>.<\/p>\n<p><strong>LICITACI\u00d3N DE OBRA DE CLOACAS<\/strong><\/p>\n<p><strong>M\u00e1s del 50% de la obra de cloacas de Alvear Oeste se va a realizar por administraci\u00f3n<\/strong>, esto incluye a todos los barrios. Esta tarea\u00a0<strong>conlleva una red colectora de 2.130m, una red de impulsi\u00f3n de 2.000m, un total de ca\u00f1er\u00eda de 20.520m<\/strong>, y se estima que\u00a0<strong>va a beneficiar a 866 familias<\/strong>, tiene un\u00a0<strong>presupuesto de $43.700.000<\/strong>, del cual\u00a0<strong>el 65% lo financia el municipio y el 35% restante la Naci\u00f3n<\/strong>. En el financiamiento del municipio va a participar el vecino aportando ca\u00f1er\u00eda mediante convenios. \u201c<em>Hoy podemos anunciar que se van a realizar las obras de cloacas de Alvear Oeste, un anhelo de la poblaci\u00f3n y un gran objetivo de esta administraci\u00f3n<\/em>\u201d dijo el I<strong>ntendente Municipal.<\/strong><\/p>\n<p>\u201c<em>Es una obra muy esperada por lo que estamos muy contentos los vecinos. El Intendente ha sabido escuchar las necesidades y tras innumerables viajes a Buenos Aires se logr\u00f3 que la etapa 5 est\u00e9 completa y el dinero est\u00e9 adjudicado. Resta<\/em> firmar los convenios y muy pronto largaremos a licitaci\u00f3n\u201d, explic\u00f3 <strong>Mariano Varela<\/strong>.<\/p>\n<p><strong>REMODELACI\u00d3N DE LA PLAZA MANUEL BELGRANO<\/strong><\/p>\n<p>Asimismo,\u00a0<strong>en la plaza distrital se est\u00e1 realizando movimiento de suelo<\/strong>, pronto\u00a0<strong>se va a comenzar con los veredines<\/strong>\u00a0gracias a un trabajo conjunto entre la\u00a0<strong>Delegaci\u00f3n<\/strong>\u00a0y la\u00a0<strong>Secretar\u00eda de Obras y Servicios P\u00fablicos<\/strong>. \u201c<em>El trabajo se est\u00e1 realizando normalmente a pesar de las cosas que van surgiendo y debemos ir solucionando. Es un punto central de nuestra comunidad por lo que es otra de las esperadas obras en Alvear Oeste<\/em>\u201d, culmin\u00f3 el Delegado.<\/p>\n<p>La obra contempla el <strong>recambio total de pisos, veredines, caminos; arreglo de juegos; recambio a luminarias Led y la remodelaci\u00f3n y re funcionalizaci\u00f3n de la fuente y el drenaje de la misma<\/strong>. Por otra parte <strong>se est\u00e1 reforestando y erradicando \u00e1rboles secos<\/strong>.<\/p>\n<p><strong>La rotura de los pisos para la posterior colocaci\u00f3n de nuevos se har\u00e1 por partes<\/strong>, para que los vecinos puedan seguir utilizando el espacio p\u00fablico mientras se desarrollan los trabajos. Adem\u00e1s, <strong>se est\u00e1n restaurando los monumentos<\/strong>.<\/p>\n<p>La obra en su totalidad <strong>se har\u00e1 por administraci\u00f3n y se utiliza mano de obra municipal<\/strong>.<\/p>\n<h5><strong><em>Fernando Burett (F.M. Vi\u00f1as).<\/em><\/strong><\/h5>\n","protected":false},"excerpt":{"rendered":"<p>La Delegaci\u00f3n Municipal de Alvear Oeste se encuentra realizando diferentes obras que beneficiar\u00e1n a los vecinos del lugar brind\u00e1ndoles mejores servicios &#8230;<\/p>\n","protected":false},"author":8,"featured_media":56821,"comment_status":"open","ping_status":"open","sticky":false,"template":"","format":"standard","meta":{"footnotes":""},"categories":[5,29],"tags":[],"class_list":["post-56815","post","type-post","status-publish","format-standard","has-post-thumbnail","hentry","category-actualidad","category-obras-y-servicios"],"_links":{"self":[{"href":"https:\/\/vinasfm.com\/noticias\/wp-json\/wp\/v2\/posts\/56815","targetHints":{"allow":["GET"]}}],"collection":[{"href":"https:\/\/vinasfm.com\/noticias\/wp-json\/wp\/v2\/posts"}],"about":[{"href":"https:\/\/vinasfm.com\/noticias\/wp-json\/wp\/v2\/types\/post"}],"author":[{"embeddable":true,"href":"https:\/\/vinasfm.com\/noticias\/wp-json\/wp\/v2\/users\/8"}],"replies":[{"embeddable":true,"href":"https:\/\/vinasfm.com\/noticias\/wp-json\/wp\/v2\/comments?post=56815"}],"version-history":[{"count":1,"href":"https:\/\/vinasfm.com\/noticias\/wp-json\/wp\/v2\/posts\/56815\/revisions"}],"predecessor-version":[{"id":56824,"href":"https:\/\/vinasfm.com\/noticias\/wp-json\/wp\/v2\/posts\/56815\/revisions\/56824"}],"wp:featuredmedia":[{"embeddable":true,"href":"https:\/\/vinasfm.com\/noticias\/wp-json\/wp\/v2\/media\/56821"}],"wp:attachment":[{"href":"https:\/\/vinasfm.com\/noticias\/wp-json\/wp\/v2\/media?parent=56815"}],"wp:term":[{"taxonomy":"category","embeddable":true,"href":"https:\/\/vinasfm.com\/noticias\/wp-json\/wp\/v2\/categories?post=56815"},{"taxonomy":"post_tag","embeddable":true,"href":"https:\/\/vinasfm.com\/noticias\/wp-json\/wp\/v2\/tags?post=56815"}],"curies":[{"name":"wp","href":"https:\/\/api.w.org\/{rel}","templated":true}]}}