{"id":56812,"date":"2019-08-14T08:10:19","date_gmt":"2019-08-14T11:10:19","guid":{"rendered":"http:\/\/vinasfm.com\/noticias\/?p=56812"},"modified":"2019-08-14T08:29:33","modified_gmt":"2019-08-14T11:29:33","slug":"comenzaron-los-trabajos-de-poda-en-distintos-barrios-del-departamento","status":"publish","type":"post","link":"https:\/\/vinasfm.com\/noticias\/comenzaron-los-trabajos-de-poda-en-distintos-barrios-del-departamento\/","title":{"rendered":"COMENZARON LOS TRABAJOS DE PODA EN DISTINTOS BARRIOS DEL DEPARTAMENTO"},"content":{"rendered":"<h4><strong>En la madrugada de hoy, m\u00e1s espec\u00edficamente a las 05:00h, la Cuadrilla de Espacios Verdes comenz\u00f3 con la poda de la Avenida de Alvear Oeste. Actualmente se encuentran trabajando en inmediaciones de la cancha de Andes Football Club<\/strong>.<\/h4>\n<p>El <strong>objetivo<\/strong> de dicha poda es la <strong>colocaci\u00f3n de nuevas luminarias led <\/strong>que fueron conseguidas a trav\u00e9s de la gesti\u00f3n de Leonardo Vi\u00f1olo.<\/p>\n<p>\u201c<em>Se espera que en el transcurso de la semana ya est\u00e9n colocadas las mismas. Es una tarea complicada m\u00e1s que nada para el empleado, por el horario pero se realiza con el fin de no alterar el orden de la gente que transita sobre la Avenida<\/em>\u201d, resalt\u00f3 <strong>V\u00edctor \u00c1lvarez<\/strong>, <strong>Secretario de Obras y Servicios P\u00fablicos<\/strong>.<\/p>\n<p>Como es de p\u00fablico conocimiento, <strong>las \u00e1reas de trabajo en obras est\u00e1n se\u00f1alizadas<\/strong> a lo que muchos conductores no responden del modo adecuado y no respetan la velocidad a la que se debe transitar por dichas zonas. Pero <strong>dicha se\u00f1alizaci\u00f3n debe entenderse como una medida tendiente a mejorar la transitabilidad de los usuarios <\/strong>brindando adem\u00e1s protecci\u00f3n e integridad a los trabajadores que se encuentran en la obra.<\/p>\n<p>\u201c<em>Todas las obras <strong>est\u00e1n se\u00f1alizadas con conos<\/strong> y el tipo de cuadrilla que se encuentra trabajando en la zona, por lo que <strong>se solicita m\u00e1xima precauci\u00f3n dado que ya hemos tenido accidente de personas arrasaron con elementos de se\u00f1alizaci\u00f3n<\/strong>. <strong>La tarea obliga estacionar en doble fila y hay gente que se\u00f1alizado y todo se ha llevado por delante veh\u00edculos municipales<\/strong><\/em>\u201d, agreg\u00f3 el Secretario.<\/p>\n<p>Adem\u00e1s solicit\u00f3 a quienes circulen por Diagonal Jorge Sim\u00f3n que lo hagan con precauci\u00f3n dado que el lugar se encuentra obstruido. \u201c<em>El vecino que pueda tener otra alternativa de desv\u00edo que la use<\/em>\u201d, concluy\u00f3 \u00c1lvarez.<\/p>\n<h5><em>Rosario Bravo (F.M. Vi\u00f1as).<\/em><\/h5>\n","protected":false},"excerpt":{"rendered":"<p>En la madrugada de hoy, m\u00e1s espec\u00edficamente a las 05:00h, la Cuadrilla de Espacios Verdes comenz\u00f3 con la poda de la &#8230;<\/p>\n","protected":false},"author":8,"featured_media":56816,"comment_status":"open","ping_status":"open","sticky":false,"template":"","format":"standard","meta":{"footnotes":""},"categories":[5,29],"tags":[],"class_list":["post-56812","post","type-post","status-publish","format-standard","has-post-thumbnail","hentry","category-actualidad","category-obras-y-servicios"],"_links":{"self":[{"href":"https:\/\/vinasfm.com\/noticias\/wp-json\/wp\/v2\/posts\/56812","targetHints":{"allow":["GET"]}}],"collection":[{"href":"https:\/\/vinasfm.com\/noticias\/wp-json\/wp\/v2\/posts"}],"about":[{"href":"https:\/\/vinasfm.com\/noticias\/wp-json\/wp\/v2\/types\/post"}],"author":[{"embeddable":true,"href":"https:\/\/vinasfm.com\/noticias\/wp-json\/wp\/v2\/users\/8"}],"replies":[{"embeddable":true,"href":"https:\/\/vinasfm.com\/noticias\/wp-json\/wp\/v2\/comments?post=56812"}],"version-history":[{"count":1,"href":"https:\/\/vinasfm.com\/noticias\/wp-json\/wp\/v2\/posts\/56812\/revisions"}],"predecessor-version":[{"id":56818,"href":"https:\/\/vinasfm.com\/noticias\/wp-json\/wp\/v2\/posts\/56812\/revisions\/56818"}],"wp:featuredmedia":[{"embeddable":true,"href":"https:\/\/vinasfm.com\/noticias\/wp-json\/wp\/v2\/media\/56816"}],"wp:attachment":[{"href":"https:\/\/vinasfm.com\/noticias\/wp-json\/wp\/v2\/media?parent=56812"}],"wp:term":[{"taxonomy":"category","embeddable":true,"href":"https:\/\/vinasfm.com\/noticias\/wp-json\/wp\/v2\/categories?post=56812"},{"taxonomy":"post_tag","embeddable":true,"href":"https:\/\/vinasfm.com\/noticias\/wp-json\/wp\/v2\/tags?post=56812"}],"curies":[{"name":"wp","href":"https:\/\/api.w.org\/{rel}","templated":true}]}}