{"id":56696,"date":"2019-08-10T08:32:05","date_gmt":"2019-08-10T11:32:05","guid":{"rendered":"http:\/\/vinasfm.com\/noticias\/?p=56696"},"modified":"2019-08-12T10:24:10","modified_gmt":"2019-08-12T13:24:10","slug":"mas-obras-se-inauguraron-las-cloacas-del-barrio-vergara","status":"publish","type":"post","link":"https:\/\/vinasfm.com\/noticias\/mas-obras-se-inauguraron-las-cloacas-del-barrio-vergara\/","title":{"rendered":"M\u00c1S OBRAS: SE INAUGURARON LAS CLOACAS DEL BARRIO VERGARA"},"content":{"rendered":"<h4><strong>Con la participaci\u00f3n del intendente Walther Marcolini se inauguraron las cloacas del Barrio Vergara, una obra solicitada por los vecinos y postergada por a\u00f1os. La obra contempla mil trescientos metros con nueve c\u00e1maras, donde el Municipio ha financiado un 70% en tanto que el 30% restante fue por parte de los vecinos.<\/strong><\/h4>\n<p><em>\u201c<strong>Esto significa un impacto directo en la vida de los vecinos, adem\u00e1s no contaminamos m\u00e1s las napas fre\u00e1ticas y avanzamos como Municipio Saludable<\/strong>\u201d, <\/em>expres\u00f3 el <strong>Jefe Comunal, quien ayer cumpl\u00eda sus 50 a\u00f1os.\u00a0<\/strong><\/p>\n<p>El <strong>Secretario de Obras y Servicios P\u00fablicos V\u00edctor \u00c1lvarez <\/strong>brind\u00f3 detalles de <strong>esta obra que se realiz\u00f3 \u00edntegramente por administraci\u00f3n <\/strong>y tuvo un <strong>plazo de tres meses<\/strong>. En total son <strong>mil trescientos metros que beneficia a unos setenta vecinos de la zona<\/strong>, para concretarla se debi\u00f3 realizar una l\u00ednea por <strong>Ruta 143 <\/strong>y <strong>Avenida Libertador Norte<\/strong>, <strong>hasta calle 5<\/strong>, finalizando en el <strong>barrio Irrigaci\u00f3n<\/strong>, una obra que requiri\u00f3 de mucho esfuerzo ya que no daban los niveles. Luego se pidi\u00f3 autorizaci\u00f3n a un vecino para poder trasladar la l\u00ednea hacia el oeste y finalmente permitir que el barrio cuente con el servicio de cloaca. \u201c<em>Hubo que ubicar nueve c\u00e1maras, lo que permite que se sumen m\u00e1s vecinos<\/em>\u201d, explic\u00f3 <strong>\u00c1lvarez<\/strong>.<\/p>\n<div id=\"attachment_56700\" style=\"width: 300px\" class=\"wp-caption alignleft\"><a href=\"http:\/\/vinasfm.com\/noticias\/wp-content\/uploads\/2019\/08\/68239006_2343816822381195_6768391429363335168_n.jpg\"><img loading=\"lazy\" decoding=\"async\" aria-describedby=\"caption-attachment-56700\" class=\"wp-image-56700 size-medium\" src=\"http:\/\/vinasfm.com\/noticias\/wp-content\/uploads\/2019\/08\/68239006_2343816822381195_6768391429363335168_n-300x200.jpg\" alt=\"\" width=\"300\" height=\"200\" srcset=\"https:\/\/vinasfm.com\/noticias\/wp-content\/uploads\/2019\/08\/68239006_2343816822381195_6768391429363335168_n-300x200.jpg 300w, https:\/\/vinasfm.com\/noticias\/wp-content\/uploads\/2019\/08\/68239006_2343816822381195_6768391429363335168_n-768x512.jpg 768w, https:\/\/vinasfm.com\/noticias\/wp-content\/uploads\/2019\/08\/68239006_2343816822381195_6768391429363335168_n.jpg 960w\" sizes=\"auto, (max-width: 300px) 100vw, 300px\" \/><\/a><p id=\"caption-attachment-56700\" class=\"wp-caption-text\">Intendente Walther Marcolini compartiendo selfie con una de las vecinas.<\/p><\/div>\n<p>Los vecinos acudieron en gran n\u00famero a la inauguraci\u00f3n de la obra, es que esta tarea era muy ansiada por ellos: \u201c<strong><em>Le agradezco mucho al intendente Walther Marcolini porque hace mucho que est\u00e1bamos esperando esta obra<\/em><\/strong><em>. Ahora <strong>mejorar\u00e1 much\u00edsimo nuestra calidad de vida<\/strong>, en mi caso <strong>ya estoy lista para conectarme<\/strong> porque se hace dif\u00edcil llamar cada dos por tres al cami\u00f3n para que desagote las cloacas<\/em>\u201d, dijo emocionada <strong>Hortensia<\/strong>, <strong>una de las vecinas del barrio<\/strong> que presenci\u00f3 la inauguraci\u00f3n<\/p>\n<p>Esta obra se suma a las tareas de <strong>cloacas en calle<\/strong> <strong>Mart\u00edn de Irigoyen<\/strong>, cuyos trabajos finalizar\u00e1n la pr\u00f3xima semana, el <strong>Plan H\u00e1bitat<\/strong> que conectar\u00e1 a <strong>800 vecinos<\/strong> est\u00e1 a punto de concluirse y <strong>dentro de unos diez d\u00edas se inaugurar\u00e1 la obra de barrio San Carlos<\/strong>, culminando la etapa cinco y conectando el \u00e1rea oeste de la <strong>Avenida Libertador Norte<\/strong>. De esta forma este a\u00f1o <strong>se pasar\u00e1 del 30% al 70% de alvearenses con este esencial servicio<\/strong>. Luego se sumar\u00e1n las de la zona de la<strong> Isla<\/strong> y las de <strong>Alvear Oeste<\/strong>.<\/p>\n<h5><em>F.B. (F.M. Vi\u00f1as).<\/em><\/h5>\n","protected":false},"excerpt":{"rendered":"<p>Con la participaci\u00f3n del intendente Walther Marcolini se inauguraron las cloacas del Barrio Vergara, una obra solicitada por los vecinos y &#8230;<\/p>\n","protected":false},"author":8,"featured_media":56699,"comment_status":"open","ping_status":"open","sticky":false,"template":"","format":"standard","meta":{"footnotes":""},"categories":[5,29],"tags":[],"class_list":["post-56696","post","type-post","status-publish","format-standard","has-post-thumbnail","hentry","category-actualidad","category-obras-y-servicios"],"_links":{"self":[{"href":"https:\/\/vinasfm.com\/noticias\/wp-json\/wp\/v2\/posts\/56696","targetHints":{"allow":["GET"]}}],"collection":[{"href":"https:\/\/vinasfm.com\/noticias\/wp-json\/wp\/v2\/posts"}],"about":[{"href":"https:\/\/vinasfm.com\/noticias\/wp-json\/wp\/v2\/types\/post"}],"author":[{"embeddable":true,"href":"https:\/\/vinasfm.com\/noticias\/wp-json\/wp\/v2\/users\/8"}],"replies":[{"embeddable":true,"href":"https:\/\/vinasfm.com\/noticias\/wp-json\/wp\/v2\/comments?post=56696"}],"version-history":[{"count":1,"href":"https:\/\/vinasfm.com\/noticias\/wp-json\/wp\/v2\/posts\/56696\/revisions"}],"predecessor-version":[{"id":56701,"href":"https:\/\/vinasfm.com\/noticias\/wp-json\/wp\/v2\/posts\/56696\/revisions\/56701"}],"wp:featuredmedia":[{"embeddable":true,"href":"https:\/\/vinasfm.com\/noticias\/wp-json\/wp\/v2\/media\/56699"}],"wp:attachment":[{"href":"https:\/\/vinasfm.com\/noticias\/wp-json\/wp\/v2\/media?parent=56696"}],"wp:term":[{"taxonomy":"category","embeddable":true,"href":"https:\/\/vinasfm.com\/noticias\/wp-json\/wp\/v2\/categories?post=56696"},{"taxonomy":"post_tag","embeddable":true,"href":"https:\/\/vinasfm.com\/noticias\/wp-json\/wp\/v2\/tags?post=56696"}],"curies":[{"name":"wp","href":"https:\/\/api.w.org\/{rel}","templated":true}]}}