{"id":56619,"date":"2019-08-09T09:02:46","date_gmt":"2019-08-09T12:02:46","guid":{"rendered":"http:\/\/vinasfm.com\/noticias\/?p=56619"},"modified":"2019-08-09T09:02:46","modified_gmt":"2019-08-09T12:02:46","slug":"victor-alvarez-destaco-las-obras-en-simultaneo-que-se-estan-desarrollando-en-el-departamento","status":"publish","type":"post","link":"https:\/\/vinasfm.com\/noticias\/victor-alvarez-destaco-las-obras-en-simultaneo-que-se-estan-desarrollando-en-el-departamento\/","title":{"rendered":"V\u00cdCTOR \u00c1LVAREZ DESTAC\u00d3 LAS OBRAS EN SIMULT\u00c1NEO QUE SE EST\u00c1N DESARROLLANDO EN EL DEPARTAMENTO"},"content":{"rendered":"<h4><strong>Desde la Secretaria de Obras y Servicios P\u00fablicos de General Alvear detallaron sobre las obras que se est\u00e1n desarrollando en simult\u00e1neo en distinto puntos del departamento.<\/strong><\/h4>\n<p>En la <strong>Plaza Departamental \u2018Carlos Mar\u00eda de Alvear\u2019<\/strong> y en la <strong>Plaza de Carmensa<\/strong> se est\u00e1n <strong>colocando juegos infantiles<\/strong> para el realzamiento del espacio p\u00fablico tan requerido por los ni\u00f1os. \u201c<em>Nos va a quedar la <strong>plaza de Alvear Oeste <\/strong>que <strong>estamos en obra de reconstrucci\u00f3n al 100% de la plaza<\/strong> ya que se nos dificulta el colocar los juegos en el espacio requerido por lo tanto la ampliaremos para la colocaci\u00f3n de los mismos<\/em>\u201d, indic\u00f3 <strong>V\u00edctor \u00c1lvarez<\/strong>, <strong>Secretario de Obras y Servicios P\u00fablicos<\/strong>.<\/p>\n<p>Adem\u00e1s se contin\u00faa en calle Alem y Uspallata con la <strong>colocaci\u00f3n\u00a0 de una vereda sobre el canal situado sobre el lado este de la calle Alem<\/strong>.<\/p>\n<p>En otro orden, se sigue trabajando con la <strong>colocaci\u00f3n de cloacas en el Barrio San Carlos<\/strong> que quedar\u00e1 finalizado dentro de los pr\u00f3ximos 10 d\u00edas. \u201c<em>Los vecinos se van a poder conectar de forma total<\/em>\u201d, subray\u00f3 el Secretario.<\/p>\n<p>Los propietarios del Barrio Malvinas deben entregar los lotes urbanizados para poder presentarse a licitaci\u00f3n para su vivienda. Al respecto \u00c1lvarez se\u00f1al\u00f3: \u201c<em>Sabemos que a la gente le est\u00e1 costando comprar esos terrenos por lo que el Municipio colabor\u00f3 con los materiales del agua potable y se gestion\u00f3 a trav\u00e9s del Intendente un cr\u00e9dito del fondo del <strong>FDI <\/strong>que llega hacia la Cooperativa distribuidora de la zona, en este caso Cecsagal. Adem\u00e1s lleg\u00f3 un cr\u00e9dito de $2.000.000 que va a ser compensado por la cooperativa por lo que los usuarios del <strong>Barrio Malvinas III<\/strong> no pagar\u00e1n la urbanizaci\u00f3n el\u00e9ctrica<\/em>\u201d.<\/p>\n<p>Concluy\u00f3: \u201c<em>Una vez finalizada la obra se seguir\u00e1 con la <strong>urbanizaci\u00f3n sobre Diagonal Jorge Sim\u00f3n<\/strong><\/em>\u201d.<\/p>\n<h5><em>R.B. (F.M. Vi\u00f1as).<\/em><\/h5>\n<p>&nbsp;<\/p>\n","protected":false},"excerpt":{"rendered":"<p>Desde la Secretaria de Obras y Servicios P\u00fablicos de General Alvear detallaron sobre las obras que se est\u00e1n desarrollando en simult\u00e1neo &#8230;<\/p>\n","protected":false},"author":8,"featured_media":38676,"comment_status":"open","ping_status":"open","sticky":false,"template":"","format":"standard","meta":{"footnotes":""},"categories":[5,29],"tags":[],"class_list":["post-56619","post","type-post","status-publish","format-standard","has-post-thumbnail","hentry","category-actualidad","category-obras-y-servicios"],"_links":{"self":[{"href":"https:\/\/vinasfm.com\/noticias\/wp-json\/wp\/v2\/posts\/56619","targetHints":{"allow":["GET"]}}],"collection":[{"href":"https:\/\/vinasfm.com\/noticias\/wp-json\/wp\/v2\/posts"}],"about":[{"href":"https:\/\/vinasfm.com\/noticias\/wp-json\/wp\/v2\/types\/post"}],"author":[{"embeddable":true,"href":"https:\/\/vinasfm.com\/noticias\/wp-json\/wp\/v2\/users\/8"}],"replies":[{"embeddable":true,"href":"https:\/\/vinasfm.com\/noticias\/wp-json\/wp\/v2\/comments?post=56619"}],"version-history":[{"count":1,"href":"https:\/\/vinasfm.com\/noticias\/wp-json\/wp\/v2\/posts\/56619\/revisions"}],"predecessor-version":[{"id":56625,"href":"https:\/\/vinasfm.com\/noticias\/wp-json\/wp\/v2\/posts\/56619\/revisions\/56625"}],"wp:featuredmedia":[{"embeddable":true,"href":"https:\/\/vinasfm.com\/noticias\/wp-json\/wp\/v2\/media\/38676"}],"wp:attachment":[{"href":"https:\/\/vinasfm.com\/noticias\/wp-json\/wp\/v2\/media?parent=56619"}],"wp:term":[{"taxonomy":"category","embeddable":true,"href":"https:\/\/vinasfm.com\/noticias\/wp-json\/wp\/v2\/categories?post=56619"},{"taxonomy":"post_tag","embeddable":true,"href":"https:\/\/vinasfm.com\/noticias\/wp-json\/wp\/v2\/tags?post=56619"}],"curies":[{"name":"wp","href":"https:\/\/api.w.org\/{rel}","templated":true}]}}