{"id":56535,"date":"2019-08-08T08:30:27","date_gmt":"2019-08-08T11:30:27","guid":{"rendered":"http:\/\/vinasfm.com\/noticias\/?p=56535"},"modified":"2019-08-09T09:02:10","modified_gmt":"2019-08-09T12:02:10","slug":"aeropuerto-de-cargas-en-que-consiste-el-proyecto-de-ordenanza-aprobado-por-el-hcd","status":"publish","type":"post","link":"https:\/\/vinasfm.com\/noticias\/aeropuerto-de-cargas-en-que-consiste-el-proyecto-de-ordenanza-aprobado-por-el-hcd\/","title":{"rendered":"AEROPUERTO DE CARGAS: \u00bfEN QU\u00c9 CONSISTE EL PROYECTO DE ORDENANZA APROBADO POR EL HCD?"},"content":{"rendered":"<h4><strong>En la ma\u00f1ana de este martes el HCD aprob\u00f3 un Proyecto de Ordenanza enviado por el Ejecutivo a fin de que se llame a una nueva licitaci\u00f3n Nacional e Internacional con el fin\u00a0 de adjudicar la obra del Hub Log\u00edstico y Aeropuerto de Cargas presentada por la empresa UPH&amp;BLUE S.A.<\/strong><\/h4>\n<p>El <strong>Dr. Gustavo Vendramin<\/strong>, <strong>concejal por el PJ<\/strong>, explicit\u00f3 el contenido del Proyecto de Ordenanza aprobado por el honorable cuerpo saldando dudas e informando a los alvearenses sobre la ordenanza a la que se le dio el visto bueno de forma un\u00e1nime.<\/p>\n<div id=\"attachment_35593\" style=\"width: 300px\" class=\"wp-caption alignleft\"><a href=\"http:\/\/vinasfm.com\/noticias\/wp-content\/uploads\/2018\/06\/concejale-gustavo-vendramin.jpg\"><img loading=\"lazy\" decoding=\"async\" aria-describedby=\"caption-attachment-35593\" class=\"wp-image-35593 size-medium\" src=\"http:\/\/vinasfm.com\/noticias\/wp-content\/uploads\/2018\/06\/concejale-gustavo-vendramin-300x284.jpg\" alt=\"\" width=\"300\" height=\"284\" srcset=\"https:\/\/vinasfm.com\/noticias\/wp-content\/uploads\/2018\/06\/concejale-gustavo-vendramin-300x284.jpg 300w, https:\/\/vinasfm.com\/noticias\/wp-content\/uploads\/2018\/06\/concejale-gustavo-vendramin-768x727.jpg 768w, https:\/\/vinasfm.com\/noticias\/wp-content\/uploads\/2018\/06\/concejale-gustavo-vendramin-1024x969.jpg 1024w\" sizes=\"auto, (max-width: 300px) 100vw, 300px\" \/><\/a><p id=\"caption-attachment-35593\" class=\"wp-caption-text\">Concejal Gustavo Vendram\u00edn.<\/p><\/div>\n<p>\u201c<strong><em>Desde el PJ siempre mantenemos la postura de que esto es un proyecto muy ambicioso y una herramienta importante para el desarrollo local<\/em><\/strong><em>. Insistimos en <strong>cuidar, reservar y garantizar el patrimonio municipal ante diferentes escenarios de incumplimiento<\/strong> ya que <strong>nuestra funci\u00f3n <\/strong>como legisladores locales <strong>est\u00e1 abocada a cuidar el erario de la comuna y evitar que haya alg\u00fan tipo de prejuicio<\/strong><\/em>\u201d, se\u00f1al\u00f3 <strong>Vendram\u00edn<\/strong>.<\/p>\n<p>En el Proyecto de Ordenanza que llama a licitaci\u00f3n <strong>queda instaurado un cargo y una retrocesi\u00f3n por incumplimiento<\/strong> donde <strong>en caso que la empresa que gane<\/strong>, en este caso UPH&amp;BLUE S.A, <strong>no cumpla con el plazo de 36 meses<\/strong>, <strong>el inmueble vuelve a manos de la comuna<\/strong> <strong>sin que se tenga que devolver el dinero abonado<\/strong> y sin que se tengan que devolver las mejoras hechas en el Predio.<\/p>\n<p>Desde <strong>UPH&amp;BLUE S.A.<\/strong> aseguran: \u201c<em>somos una empresa que cuenta con una amplia gama de soluciones patentadas y servicios avanzados con alto valor agregado en tecnolog\u00eda, que se combina con una cultura \u00fanica de confiabilidad, flexibilidad y adaptaci\u00f3n a las necesidades de sus clientes<\/em>\u201d.<\/p>\n<p><strong>Otro requisito es que la empresa adjudicataria no utilice como hipoteca el Predio<\/strong> durante el\u00a0 dominio de los <strong>36 o 48 meses estipulados<\/strong> por el Intendente para la construcci\u00f3n.<\/p>\n<p>\u201c<em>Hay quienes dicen que est\u00e1 bien la utilizaci\u00f3n del Predio como hipoteca pero nosotros luego de un an\u00e1lisis extremo llegamos a la conclusi\u00f3n de impedirlo<\/em>\u201d, a\u00f1adi\u00f3.<\/p>\n<p>Por otro lado, <strong>la empresa debe informar semestralmente al Concejo Deliberante sobre el avance de obras<\/strong> y <strong>debe notificarse el pliego de licitaci\u00f3n estipulado<\/strong> por el Intendente. Por parte de la empresa <strong>debe determinarse la notificaci\u00f3n del impacto ambiental que va a general dicha obra<\/strong>.<\/p>\n<p>\u201c<em>El procedimiento va a realizarse luego de promulgaci\u00f3n de la Ordenanza por parte del Intendente. <strong>Se debe llamar a la licitaci\u00f3n Nacional e Internacional que son 30 d\u00edas que una vez cumplidos se debe comprar el pliego de licitaci\u00f3n por parte de quienes quieran participar<\/strong>. Luego se realizar\u00e1 la apertura de sobres donde la empresa que cumple con los requisitos tendr\u00e1 que llevar adelante el proyecto. <strong>Una vez que la empresa pague los 466.000UDS el Intendente firma la escritura traslativa de dominio para la empresa<\/strong><\/em>\u201d, concluy\u00f3 el <strong>Dr.<\/strong> <strong>Vendramin<\/strong>.<\/p>\n<h5><em>R.B. (F.M. Vi\u00f1as).<\/em><\/h5>\n","protected":false},"excerpt":{"rendered":"<p>En la ma\u00f1ana de este martes el HCD aprob\u00f3 un Proyecto de Ordenanza enviado por el Ejecutivo a fin de que &#8230;<\/p>\n","protected":false},"author":8,"featured_media":51137,"comment_status":"open","ping_status":"open","sticky":false,"template":"","format":"standard","meta":{"footnotes":""},"categories":[5,26],"tags":[],"class_list":["post-56535","post","type-post","status-publish","format-standard","has-post-thumbnail","hentry","category-actualidad","category-hcd"],"_links":{"self":[{"href":"https:\/\/vinasfm.com\/noticias\/wp-json\/wp\/v2\/posts\/56535","targetHints":{"allow":["GET"]}}],"collection":[{"href":"https:\/\/vinasfm.com\/noticias\/wp-json\/wp\/v2\/posts"}],"about":[{"href":"https:\/\/vinasfm.com\/noticias\/wp-json\/wp\/v2\/types\/post"}],"author":[{"embeddable":true,"href":"https:\/\/vinasfm.com\/noticias\/wp-json\/wp\/v2\/users\/8"}],"replies":[{"embeddable":true,"href":"https:\/\/vinasfm.com\/noticias\/wp-json\/wp\/v2\/comments?post=56535"}],"version-history":[{"count":1,"href":"https:\/\/vinasfm.com\/noticias\/wp-json\/wp\/v2\/posts\/56535\/revisions"}],"predecessor-version":[{"id":56603,"href":"https:\/\/vinasfm.com\/noticias\/wp-json\/wp\/v2\/posts\/56535\/revisions\/56603"}],"wp:featuredmedia":[{"embeddable":true,"href":"https:\/\/vinasfm.com\/noticias\/wp-json\/wp\/v2\/media\/51137"}],"wp:attachment":[{"href":"https:\/\/vinasfm.com\/noticias\/wp-json\/wp\/v2\/media?parent=56535"}],"wp:term":[{"taxonomy":"category","embeddable":true,"href":"https:\/\/vinasfm.com\/noticias\/wp-json\/wp\/v2\/categories?post=56535"},{"taxonomy":"post_tag","embeddable":true,"href":"https:\/\/vinasfm.com\/noticias\/wp-json\/wp\/v2\/tags?post=56535"}],"curies":[{"name":"wp","href":"https:\/\/api.w.org\/{rel}","templated":true}]}}