{"id":56506,"date":"2019-08-07T08:43:06","date_gmt":"2019-08-07T11:43:06","guid":{"rendered":"http:\/\/vinasfm.com\/noticias\/?p=56506"},"modified":"2019-08-08T10:10:59","modified_gmt":"2019-08-08T13:10:59","slug":"dos-nuevas-ambulancias-para-villa-atuel-y-general-alvear","status":"publish","type":"post","link":"https:\/\/vinasfm.com\/noticias\/dos-nuevas-ambulancias-para-villa-atuel-y-general-alvear\/","title":{"rendered":"DOS NUEVAS AMBULANCIAS PARA VILLA ATUEL Y GENERAL ALVEAR"},"content":{"rendered":"<h4><strong>El Ministerio de Salud, Desarrollo Social y Deportes sum\u00f3 nuevas ambulancias para el territorio provincial. Con estas unidades se ampl\u00eda la prestaci\u00f3n de los servicios sanitarios a los lugares que m\u00e1s lo necesitan.<\/strong><\/h4>\n<p>En esta oportunidad se suman 6 nuevas unidades, las mismas ser\u00e1n destinadas especialmente para las zonas Este y Sur.<\/p>\n<p>En el sur, se tratan de unidades de traslado Peugeot destinadas al centro de Salud de Villa Atuel y para el hospital Enfermeros Argentinos.<\/p>\n<p>Para la zona este son de traslado Ducato para el \u00e1rea de San Mart\u00edn, para el hospital Saporiti y \u00c1rea sanitaria de Jun\u00edn. Adem\u00e1s de una ambulancia de unidad de terapia Intensiva Ducato de alta complejidad para el Servicio Coordinado de Emergencias.<\/p>\n<p>Al respecto la ministra de Salud, Elisabeth Crescitelli puntualiz\u00f3. \u201cDesde el inicio de nuestra gesti\u00f3n sumamos esfuerzos para poder ampliar el parque automotor del sistema sanitario, as\u00ed como mejorar y regionalizar el recurso humano. En esta oportunidad sumamos 6 nuevas ambulancias\u201d.<\/p>\n<p>\u201cEstas unidades suman 85 nuevas incorporaciones a nuestro parque automotor en esta gesti\u00f3n, que ha sumado 30 ambulancias de traslado, 7 de alta complejidad, nueve utilitarios, siete camionetas, 20 motos y 12 bicicletas, distribuidas en toda la Provincia seg\u00fan las zonas de mayor necesidad\u201d, finaliz\u00f3 Crescitelli.<\/p>\n<h5><em><strong>A.C.<\/strong><\/em><\/h5>\n","protected":false},"excerpt":{"rendered":"<p>El Ministerio de Salud, Desarrollo Social y Deportes sum\u00f3 nuevas ambulancias para el territorio provincial. Con estas unidades se ampl\u00eda la &#8230;<\/p>\n","protected":false},"author":7,"featured_media":56511,"comment_status":"open","ping_status":"open","sticky":false,"template":"","format":"standard","meta":{"footnotes":""},"categories":[5,15],"tags":[],"class_list":["post-56506","post","type-post","status-publish","format-standard","has-post-thumbnail","hentry","category-actualidad","category-salud"],"_links":{"self":[{"href":"https:\/\/vinasfm.com\/noticias\/wp-json\/wp\/v2\/posts\/56506","targetHints":{"allow":["GET"]}}],"collection":[{"href":"https:\/\/vinasfm.com\/noticias\/wp-json\/wp\/v2\/posts"}],"about":[{"href":"https:\/\/vinasfm.com\/noticias\/wp-json\/wp\/v2\/types\/post"}],"author":[{"embeddable":true,"href":"https:\/\/vinasfm.com\/noticias\/wp-json\/wp\/v2\/users\/7"}],"replies":[{"embeddable":true,"href":"https:\/\/vinasfm.com\/noticias\/wp-json\/wp\/v2\/comments?post=56506"}],"version-history":[{"count":1,"href":"https:\/\/vinasfm.com\/noticias\/wp-json\/wp\/v2\/posts\/56506\/revisions"}],"predecessor-version":[{"id":56513,"href":"https:\/\/vinasfm.com\/noticias\/wp-json\/wp\/v2\/posts\/56506\/revisions\/56513"}],"wp:featuredmedia":[{"embeddable":true,"href":"https:\/\/vinasfm.com\/noticias\/wp-json\/wp\/v2\/media\/56511"}],"wp:attachment":[{"href":"https:\/\/vinasfm.com\/noticias\/wp-json\/wp\/v2\/media?parent=56506"}],"wp:term":[{"taxonomy":"category","embeddable":true,"href":"https:\/\/vinasfm.com\/noticias\/wp-json\/wp\/v2\/categories?post=56506"},{"taxonomy":"post_tag","embeddable":true,"href":"https:\/\/vinasfm.com\/noticias\/wp-json\/wp\/v2\/tags?post=56506"}],"curies":[{"name":"wp","href":"https:\/\/api.w.org\/{rel}","templated":true}]}}