{"id":56504,"date":"2019-08-07T08:34:00","date_gmt":"2019-08-07T11:34:00","guid":{"rendered":"http:\/\/vinasfm.com\/noticias\/?p=56504"},"modified":"2019-08-07T08:34:00","modified_gmt":"2019-08-07T11:34:00","slug":"asi-trabajara-la-legislatura-provincial-en-la-previa-de-las-paso","status":"publish","type":"post","link":"https:\/\/vinasfm.com\/noticias\/asi-trabajara-la-legislatura-provincial-en-la-previa-de-las-paso\/","title":{"rendered":"AS\u00cd TRABAJAR\u00c1 LA LEGISLATURA PROVINCIAL EN LA PREVIA DE LAS PASO"},"content":{"rendered":"<h4><strong>La Legislatura provincial se encamina a una semana tranquila en materia de tratamientos de proyectos pero que, por el contexto, se espera que est\u00e9 plagada de discusiones de tono electoral a pocos d\u00edas de las Primaras Abiertas, Simult\u00e1neas y Obligatorias (PASO).<\/strong><\/h4>\n<p>Jornadas atr\u00e1s, el oficialismo logr\u00f3 la aprobaci\u00f3n de la expropiaci\u00f3n del Centro de Esqu\u00ed Los Penitentes, con el rechazo de toda la oposici\u00f3n. Asimismo, se comenz\u00f3 a debatir las modificaciones a la Ley de Tr\u00e1nsito, en la que se barajan mayores multas y, tambi\u00e9n, la propuesta del justicialismo de establecer tolerancia cero al volante.<\/p>\n<p>Por esto, durante el martes a la tarde la comisi\u00f3n de Legislaci\u00f3n y Asuntos Constitucionales (LAC) de la C\u00e1mara Baja recibi\u00f3 al jefe del departamento de Toxicolog\u00eda del Ministerio de Salud, Sergio Saracco, para dilucidar dudas al respecto.<\/p>\n<p><strong>Semana con pocos proyectos en la Legislatura. <\/strong><\/p>\n<p><strong>El mi\u00e9rcoles y en sesi\u00f3n de tablas, Diputados apuntar\u00e1 a avanzar con la regularizaci\u00f3n dominial de Punta del Agua, en San Rafael. En este tema se propone la expropiaci\u00f3n del pol\u00edgono urbano de ese lugar del sur mendocino.<\/strong><\/p>\n<p>Por su parte, el Senado discutir\u00e1, tambi\u00e9n una iniciativa para ordenar el funcionamiento del turismo activo natural e impulsar\u00e1 la sanci\u00f3n final para las modificaciones a la Ley de Extinci\u00f3n de Dominio. Esta normativa fue aprobada a comienzos de a\u00f1o, pero el Ministerio P\u00fablico Fiscal solicit\u00f3 su reforma.<\/p>\n<h5><em><strong>Fuente: Sitio Andino \/ Edici\u00f3n: A.C.<\/strong><\/em><\/h5>\n","protected":false},"excerpt":{"rendered":"<p>La Legislatura provincial se encamina a una semana tranquila en materia de tratamientos de proyectos pero que, por el contexto, se &#8230;<\/p>\n","protected":false},"author":7,"featured_media":44534,"comment_status":"open","ping_status":"open","sticky":false,"template":"","format":"standard","meta":{"footnotes":""},"categories":[5,43],"tags":[],"class_list":["post-56504","post","type-post","status-publish","format-standard","has-post-thumbnail","hentry","category-actualidad","category-legislatura"],"_links":{"self":[{"href":"https:\/\/vinasfm.com\/noticias\/wp-json\/wp\/v2\/posts\/56504","targetHints":{"allow":["GET"]}}],"collection":[{"href":"https:\/\/vinasfm.com\/noticias\/wp-json\/wp\/v2\/posts"}],"about":[{"href":"https:\/\/vinasfm.com\/noticias\/wp-json\/wp\/v2\/types\/post"}],"author":[{"embeddable":true,"href":"https:\/\/vinasfm.com\/noticias\/wp-json\/wp\/v2\/users\/7"}],"replies":[{"embeddable":true,"href":"https:\/\/vinasfm.com\/noticias\/wp-json\/wp\/v2\/comments?post=56504"}],"version-history":[{"count":1,"href":"https:\/\/vinasfm.com\/noticias\/wp-json\/wp\/v2\/posts\/56504\/revisions"}],"predecessor-version":[{"id":56505,"href":"https:\/\/vinasfm.com\/noticias\/wp-json\/wp\/v2\/posts\/56504\/revisions\/56505"}],"wp:featuredmedia":[{"embeddable":true,"href":"https:\/\/vinasfm.com\/noticias\/wp-json\/wp\/v2\/media\/44534"}],"wp:attachment":[{"href":"https:\/\/vinasfm.com\/noticias\/wp-json\/wp\/v2\/media?parent=56504"}],"wp:term":[{"taxonomy":"category","embeddable":true,"href":"https:\/\/vinasfm.com\/noticias\/wp-json\/wp\/v2\/categories?post=56504"},{"taxonomy":"post_tag","embeddable":true,"href":"https:\/\/vinasfm.com\/noticias\/wp-json\/wp\/v2\/tags?post=56504"}],"curies":[{"name":"wp","href":"https:\/\/api.w.org\/{rel}","templated":true}]}}