{"id":56503,"date":"2019-08-07T08:36:29","date_gmt":"2019-08-07T11:36:29","guid":{"rendered":"http:\/\/vinasfm.com\/noticias\/?p=56503"},"modified":"2019-08-08T09:38:44","modified_gmt":"2019-08-08T12:38:44","slug":"aprehendieron-a-tres-malvivientes-que-robaron-en-un-gimnasio-centrico","status":"publish","type":"post","link":"https:\/\/vinasfm.com\/noticias\/aprehendieron-a-tres-malvivientes-que-robaron-en-un-gimnasio-centrico\/","title":{"rendered":"APREHENDIERON A TRES MALVIVIENTES QUE ROBARON EN UN GIMNASIO C\u00c9NTRICO"},"content":{"rendered":"<h4><strong>En horas de la madrugada de este mi\u00e9rcoles tres hombres fueron detenidos luego de protagonizar un robo en un gimnasio ubicado en Diagonal Carlos Pellegrini al 121 de Ciudad.<\/strong><\/h4>\n<p>Seg\u00fan inform\u00f3 la <strong>Oficina de Prensa de la Distrital II<\/strong>, cerca de las <strong>03:00h<\/strong> de este mi\u00e9rcoles un llamado al 911 alert\u00f3 sobre la sustracci\u00f3n de <strong>pesas<\/strong>, <strong>una bolsa de dormir <\/strong>y otros <strong>elementos<\/strong> del interior de \u201c<strong>Alvear Gym<\/strong>\u201d, ubicado en Diagonal Pellegrini 121 por lo que se desplaz\u00f3 el personal policial con el fin de dar con los autores.<\/p>\n<div id=\"attachment_56538\" style=\"width: 221px\" class=\"wp-caption alignleft\"><a href=\"http:\/\/vinasfm.com\/noticias\/wp-content\/uploads\/2019\/08\/67673126_723123604804929_7756109774298546176_o.jpg\"><img loading=\"lazy\" decoding=\"async\" aria-describedby=\"caption-attachment-56538\" class=\"wp-image-56538\" src=\"http:\/\/vinasfm.com\/noticias\/wp-content\/uploads\/2019\/08\/67673126_723123604804929_7756109774298546176_o-300x300.jpg\" alt=\"\" width=\"221\" height=\"221\" srcset=\"https:\/\/vinasfm.com\/noticias\/wp-content\/uploads\/2019\/08\/67673126_723123604804929_7756109774298546176_o-300x300.jpg 300w, https:\/\/vinasfm.com\/noticias\/wp-content\/uploads\/2019\/08\/67673126_723123604804929_7756109774298546176_o-150x150.jpg 150w, https:\/\/vinasfm.com\/noticias\/wp-content\/uploads\/2019\/08\/67673126_723123604804929_7756109774298546176_o-768x768.jpg 768w, https:\/\/vinasfm.com\/noticias\/wp-content\/uploads\/2019\/08\/67673126_723123604804929_7756109774298546176_o-1024x1024.jpg 1024w, https:\/\/vinasfm.com\/noticias\/wp-content\/uploads\/2019\/08\/67673126_723123604804929_7756109774298546176_o-360x360.jpg 360w, https:\/\/vinasfm.com\/noticias\/wp-content\/uploads\/2019\/08\/67673126_723123604804929_7756109774298546176_o-750x750.jpg 750w, https:\/\/vinasfm.com\/noticias\/wp-content\/uploads\/2019\/08\/67673126_723123604804929_7756109774298546176_o.jpg 1080w\" sizes=\"auto, (max-width: 221px) 100vw, 221px\" \/><\/a><p id=\"caption-attachment-56538\" class=\"wp-caption-text\">Para ingresar, los malvivientes da\u00f1aron la red de la entrada.<\/p><\/div>\n<p>En la intersecci\u00f3n de calles <strong>Paso de Los Libres <\/strong>y <strong>Triunvirato<\/strong>, los uniformados <strong>aprehendieron a los tres malvivientes<\/strong>, de los cuales <strong>dos tienen 17 a\u00f1os<\/strong> y <strong>el otro 25 a\u00f1os. <\/strong><\/p>\n<p>Fueron trasladados a Comisar\u00eda 14\u00b0 donde quedaron a disposici\u00f3n de la Justicia en \u201c<strong>Averiguaci\u00f3n robo<\/strong>\u201d.<\/p>\n<p>En su red social de Facebook, Mart\u00edn Adr\u00edan P\u00e9rez, el propietario del gimnasio poste\u00f3:<\/p>\n<p>\u00ab<strong><em>Lamentablemente hoy no tengo alg\u00fan video de gente entrenando o algo por el estilo para compartir. Sino para comentarles que nos ROBARON. Gracias a Dios y al r\u00e1pido accionar de la polic\u00eda pude recuperar casi todo. Pudieron aprender a 3 de los 10 delincuentes que eran. No se nada de leyes pero espero que que tengan el castigo que merece si son d\u00edas meses a\u00f1os no me importa pero que tengan un castigo que no quede para ellos como una \u00abaventura\u00bb m\u00e1s. Quien tome esas decisiones le pido que tenga en cuenta que esos delincuentes est\u00e1n perjudicando a una pareja que trabaja de las 7 de la ma\u00f1ana hasta las 23:30 hs para alg\u00fan d\u00eda poder progresar. Espero que alg\u00fan d\u00eda volvamos a tener el Alvear tranquilo que supimos tener.<\/em><\/strong><br \/>\n<strong><em>Pd. MUCHAS GRACIAS AL VECINO QUE LLAM\u00d3 AL 911&#8230;<\/em><\/strong>\u00bb<\/p>\n<h5><em>F.B. (F.M. Vi\u00f1as).<\/em><\/h5>\n","protected":false},"excerpt":{"rendered":"<p>En horas de la madrugada de este mi\u00e9rcoles tres hombres fueron detenidos luego de protagonizar un robo en un gimnasio ubicado &#8230;<\/p>\n","protected":false},"author":8,"featured_media":56523,"comment_status":"open","ping_status":"open","sticky":false,"template":"","format":"gallery","meta":{"footnotes":""},"categories":[5,4],"tags":[],"class_list":["post-56503","post","type-post","status-publish","format-gallery","has-post-thumbnail","hentry","category-actualidad","category-policiales","post_format-post-format-gallery"],"_links":{"self":[{"href":"https:\/\/vinasfm.com\/noticias\/wp-json\/wp\/v2\/posts\/56503","targetHints":{"allow":["GET"]}}],"collection":[{"href":"https:\/\/vinasfm.com\/noticias\/wp-json\/wp\/v2\/posts"}],"about":[{"href":"https:\/\/vinasfm.com\/noticias\/wp-json\/wp\/v2\/types\/post"}],"author":[{"embeddable":true,"href":"https:\/\/vinasfm.com\/noticias\/wp-json\/wp\/v2\/users\/8"}],"replies":[{"embeddable":true,"href":"https:\/\/vinasfm.com\/noticias\/wp-json\/wp\/v2\/comments?post=56503"}],"version-history":[{"count":2,"href":"https:\/\/vinasfm.com\/noticias\/wp-json\/wp\/v2\/posts\/56503\/revisions"}],"predecessor-version":[{"id":56540,"href":"https:\/\/vinasfm.com\/noticias\/wp-json\/wp\/v2\/posts\/56503\/revisions\/56540"}],"wp:featuredmedia":[{"embeddable":true,"href":"https:\/\/vinasfm.com\/noticias\/wp-json\/wp\/v2\/media\/56523"}],"wp:attachment":[{"href":"https:\/\/vinasfm.com\/noticias\/wp-json\/wp\/v2\/media?parent=56503"}],"wp:term":[{"taxonomy":"category","embeddable":true,"href":"https:\/\/vinasfm.com\/noticias\/wp-json\/wp\/v2\/categories?post=56503"},{"taxonomy":"post_tag","embeddable":true,"href":"https:\/\/vinasfm.com\/noticias\/wp-json\/wp\/v2\/tags?post=56503"}],"curies":[{"name":"wp","href":"https:\/\/api.w.org\/{rel}","templated":true}]}}