{"id":56461,"date":"2019-08-06T09:42:24","date_gmt":"2019-08-06T12:42:24","guid":{"rendered":"http:\/\/vinasfm.com\/noticias\/?p=56461"},"modified":"2019-08-06T09:42:24","modified_gmt":"2019-08-06T12:42:24","slug":"dos-incendios-en-real-del-padre-afectaron-una-finca-y-una-vivienda","status":"publish","type":"post","link":"https:\/\/vinasfm.com\/noticias\/dos-incendios-en-real-del-padre-afectaron-una-finca-y-una-vivienda\/","title":{"rendered":"DOS INCENDIOS EN REAL DEL PADRE AFECTARON UNA FINCA Y UNA VIVIENDA"},"content":{"rendered":"<h4><strong>Este lunes se registraron dos incendios en Real del Padre donde tuvieron que trabajar Bomberos y personal policial para mitigar las llamas y constatar los da\u00f1os provocados por el mencionado flagelo. El primero afect\u00f3 una finca y el segundo, m\u00e1s tarde, una vivienda.<\/strong><\/h4>\n<p>A las <strong>14:00h<\/strong> personal de <strong>Bomberos fue desplazado a una finca ubicada en calle Los Brasileros<\/strong> del distrito sanrafaelino ya que comunicaron que en el lugar <strong>se estaba produciendo el incendio<\/strong> que <strong>consumi\u00f3 media hect\u00e1rea de cultivo y 1.000 metros de alambrado<\/strong>.<\/p>\n<p>Siendo las <strong>20:45h <\/strong>se constat\u00f3 a trav\u00e9s de un llamado al 911 que un incendio afectaba <strong>una vivienda ubicada en calle R\u00edo Negro<\/strong> por lo que <strong>Personal de Bomberos se desplaz\u00f3 para mitigar las llamas<\/strong>. Los principales da\u00f1os se registraron en el techo de la propiedad.<\/p>\n<p>En ambos hechos se est\u00e1n labrando actuaciones en \u201c<strong>Averiguaci\u00f3n incendio<\/strong>\u201d en la <strong>Oficina Fiscal de Comisar\u00eda 26\u00b0<\/strong>.<\/p>\n<h5><em>F.B. (F.M. Vi\u00f1as).<\/em><\/h5>\n","protected":false},"excerpt":{"rendered":"<p>Este lunes se registraron dos incendios en Real del Padre donde tuvieron que trabajar Bomberos y personal policial para mitigar las &#8230;<\/p>\n","protected":false},"author":8,"featured_media":42193,"comment_status":"open","ping_status":"open","sticky":false,"template":"","format":"standard","meta":{"footnotes":""},"categories":[5,4],"tags":[],"class_list":["post-56461","post","type-post","status-publish","format-standard","has-post-thumbnail","hentry","category-actualidad","category-policiales"],"_links":{"self":[{"href":"https:\/\/vinasfm.com\/noticias\/wp-json\/wp\/v2\/posts\/56461","targetHints":{"allow":["GET"]}}],"collection":[{"href":"https:\/\/vinasfm.com\/noticias\/wp-json\/wp\/v2\/posts"}],"about":[{"href":"https:\/\/vinasfm.com\/noticias\/wp-json\/wp\/v2\/types\/post"}],"author":[{"embeddable":true,"href":"https:\/\/vinasfm.com\/noticias\/wp-json\/wp\/v2\/users\/8"}],"replies":[{"embeddable":true,"href":"https:\/\/vinasfm.com\/noticias\/wp-json\/wp\/v2\/comments?post=56461"}],"version-history":[{"count":1,"href":"https:\/\/vinasfm.com\/noticias\/wp-json\/wp\/v2\/posts\/56461\/revisions"}],"predecessor-version":[{"id":56466,"href":"https:\/\/vinasfm.com\/noticias\/wp-json\/wp\/v2\/posts\/56461\/revisions\/56466"}],"wp:featuredmedia":[{"embeddable":true,"href":"https:\/\/vinasfm.com\/noticias\/wp-json\/wp\/v2\/media\/42193"}],"wp:attachment":[{"href":"https:\/\/vinasfm.com\/noticias\/wp-json\/wp\/v2\/media?parent=56461"}],"wp:term":[{"taxonomy":"category","embeddable":true,"href":"https:\/\/vinasfm.com\/noticias\/wp-json\/wp\/v2\/categories?post=56461"},{"taxonomy":"post_tag","embeddable":true,"href":"https:\/\/vinasfm.com\/noticias\/wp-json\/wp\/v2\/tags?post=56461"}],"curies":[{"name":"wp","href":"https:\/\/api.w.org\/{rel}","templated":true}]}}