{"id":56202,"date":"2019-08-01T08:56:56","date_gmt":"2019-08-01T11:56:56","guid":{"rendered":"http:\/\/vinasfm.com\/noticias\/?p=56202"},"modified":"2019-08-01T09:00:10","modified_gmt":"2019-08-01T12:00:10","slug":"el-programa-de-cooperacion-entre-las-delegaciones-trabajo-en-el-b-san-carlos","status":"publish","type":"post","link":"https:\/\/vinasfm.com\/noticias\/el-programa-de-cooperacion-entre-las-delegaciones-trabajo-en-el-b-san-carlos\/","title":{"rendered":"EL PROGRAMA DE COOPERACI\u00d3N ENTRE DELEGACIONES TRABAJ\u00d3 EN EL B\u00b0 SAN CARLOS"},"content":{"rendered":"<p><strong>Con el objetivo de intensificar la limpieza de distritos y barrios, es que se cre\u00f3 el Programa de Cooperaci\u00f3n entre Delegaciones. Hace algunas semanas atr\u00e1s el programa se implement\u00f3 en Alvear Oeste, donde un cami\u00f3n y cuatro operarios de Carmensa trabajaron en conjunto con el personal de Oeste.<\/strong><\/p>\n<p><em>\u201cEl objetivo es que cada barrio cuente con estos servicios de forma m\u00e1s agilizada y mancomunada entre los distritos. De este modo, se intensifica la recolecci\u00f3n, se llega a m\u00e1s lugares que se cubren m\u00e1s r\u00e1pido<\/em>\u201d, hab\u00eda manifestado el <strong>delegado de Alvear Oeste\u00a0 Mariano Varela<\/strong> en esa oportunidad.<\/p>\n<div id=\"attachment_56207\" style=\"width: 300px\" class=\"wp-caption alignleft\"><a href=\"http:\/\/vinasfm.com\/noticias\/wp-content\/uploads\/2019\/08\/Cooperacion-entre-delegaciones-5.jpg\"><img loading=\"lazy\" decoding=\"async\" aria-describedby=\"caption-attachment-56207\" class=\"wp-image-56207 size-medium\" src=\"http:\/\/vinasfm.com\/noticias\/wp-content\/uploads\/2019\/08\/Cooperacion-entre-delegaciones-5-300x200.jpg\" alt=\"\" width=\"300\" height=\"200\" srcset=\"https:\/\/vinasfm.com\/noticias\/wp-content\/uploads\/2019\/08\/Cooperacion-entre-delegaciones-5-300x200.jpg 300w, https:\/\/vinasfm.com\/noticias\/wp-content\/uploads\/2019\/08\/Cooperacion-entre-delegaciones-5-768x512.jpg 768w, https:\/\/vinasfm.com\/noticias\/wp-content\/uploads\/2019\/08\/Cooperacion-entre-delegaciones-5-1024x683.jpg 1024w\" sizes=\"auto, (max-width: 300px) 100vw, 300px\" \/><\/a><p id=\"caption-attachment-56207\" class=\"wp-caption-text\">Diferentes tareas de mantenimiento se realizaron en conjunto entre las Delegaciones.<\/p><\/div>\n<p>Esta vez el programa lleg\u00f3 al barrio m\u00e1s populoso del departamento, el <strong>barrio San Carlos<\/strong> donde <strong>la delegaci\u00f3n de Carmensa y Alvear Oeste trabajaron en conjunto con el personal de la Oficina Municipal que funciona en el lugar<\/strong>, \u201c<em>Hicimos pie en el barrio San Carlos, donde el encargado de la oficina Miguel Sola hab\u00eda solicitado el acompa\u00f1amiento del programa<\/em>\u201d explic\u00f3 el <strong>delegado de Carmensa Jorge P\u00e9rez<\/strong>.<\/p>\n<p>Los <strong>trabajadores de la delegaci\u00f3n de Alvear Oeste se ocuparon de la limpieza de las cunetas<\/strong> junto con <strong>personal y camiones de la Direcci\u00f3n de Servicios P\u00fablicos<\/strong>, en tanto que el <strong>personal de Carmensa se enfoc\u00f3 en la poda de las zonas adyacentes a la Oficina de Gesti\u00f3n Municipal<\/strong>: \u201c<em>Con esto logramos optimizar recursos y plasmamos de mejor forma la disponibilidad horaria de cada uno<\/em>\u201d dijo <strong>P\u00e9rez<\/strong>.<\/p>\n<p>Cabe destacar que dentro de diez d\u00edas el <strong>Programa de Cooperaci\u00f3n entre Delegaciones<\/strong> se <strong>implementar\u00e1 en el distrito de Bowen<\/strong> para realizar distintas tareas: \u201c<em>Estamos muy contentos, la implementaci\u00f3n del programa ha sido un \u00e9xito, esta es la cuarta intervenci\u00f3n y creemos que es la mejor forma para que la calidad de vida de los vecinos sea cada vez mejor<\/em>\u201d, cerr\u00f3 el delegado de Carmensa.<\/p>\n<h5><em>F.B. (F.M. Vi\u00f1as).<\/em><\/h5>\n","protected":false},"excerpt":{"rendered":"<p>Con el objetivo de intensificar la limpieza de distritos y barrios, es que se cre\u00f3 el Programa de Cooperaci\u00f3n entre Delegaciones. &#8230;<\/p>\n","protected":false},"author":8,"featured_media":56203,"comment_status":"open","ping_status":"open","sticky":false,"template":"","format":"standard","meta":{"footnotes":""},"categories":[5,29],"tags":[],"class_list":["post-56202","post","type-post","status-publish","format-standard","has-post-thumbnail","hentry","category-actualidad","category-obras-y-servicios"],"_links":{"self":[{"href":"https:\/\/vinasfm.com\/noticias\/wp-json\/wp\/v2\/posts\/56202","targetHints":{"allow":["GET"]}}],"collection":[{"href":"https:\/\/vinasfm.com\/noticias\/wp-json\/wp\/v2\/posts"}],"about":[{"href":"https:\/\/vinasfm.com\/noticias\/wp-json\/wp\/v2\/types\/post"}],"author":[{"embeddable":true,"href":"https:\/\/vinasfm.com\/noticias\/wp-json\/wp\/v2\/users\/8"}],"replies":[{"embeddable":true,"href":"https:\/\/vinasfm.com\/noticias\/wp-json\/wp\/v2\/comments?post=56202"}],"version-history":[{"count":2,"href":"https:\/\/vinasfm.com\/noticias\/wp-json\/wp\/v2\/posts\/56202\/revisions"}],"predecessor-version":[{"id":56208,"href":"https:\/\/vinasfm.com\/noticias\/wp-json\/wp\/v2\/posts\/56202\/revisions\/56208"}],"wp:featuredmedia":[{"embeddable":true,"href":"https:\/\/vinasfm.com\/noticias\/wp-json\/wp\/v2\/media\/56203"}],"wp:attachment":[{"href":"https:\/\/vinasfm.com\/noticias\/wp-json\/wp\/v2\/media?parent=56202"}],"wp:term":[{"taxonomy":"category","embeddable":true,"href":"https:\/\/vinasfm.com\/noticias\/wp-json\/wp\/v2\/categories?post=56202"},{"taxonomy":"post_tag","embeddable":true,"href":"https:\/\/vinasfm.com\/noticias\/wp-json\/wp\/v2\/tags?post=56202"}],"curies":[{"name":"wp","href":"https:\/\/api.w.org\/{rel}","templated":true}]}}