{"id":56163,"date":"2019-08-01T08:15:32","date_gmt":"2019-08-01T11:15:32","guid":{"rendered":"http:\/\/vinasfm.com\/noticias\/?p=56163"},"modified":"2019-08-02T08:12:31","modified_gmt":"2019-08-02T11:12:31","slug":"avanza-el-plan-habitat-obras-que-mejoraran-la-calidad-de-vida-de-miles-de-alvearenses","status":"publish","type":"post","link":"https:\/\/vinasfm.com\/noticias\/avanza-el-plan-habitat-obras-que-mejoraran-la-calidad-de-vida-de-miles-de-alvearenses\/","title":{"rendered":"AVANZA EL PLAN HABITAT: OBRAS QUE MEJORAR\u00c1N LA CALIDAD DE VIDA DE MILES DE ALVEARENSES"},"content":{"rendered":"<h4><strong>Desde la Direcci\u00f3n de Vivienda de General Alvear explicaron sobre el avance de las obras de cloacas en el marco del Plan H\u00e1bitat que beneficiar\u00e1 a los vecinos de los barrios Costa del Atuel, Isla Gorostiague, Los Ranqueles y San Miguel Arc\u00e1ngel.<\/strong><\/h4>\n<p>En contacto con <em>F.M. Vi\u00f1as<\/em>, el <strong>Director de Viviendas Fabi\u00e1n Gim\u00e9nez<\/strong> indic\u00f3 que <strong>en Diagonal Jorge Sim\u00f3n entre calles Josefa Palleros y Daniel P\u00e1ez se est\u00e1 realizando la red terciaria<\/strong>, en la cual se conectar\u00e1n todas las redes domiciliarias que luego empalmar\u00e1 con el ca\u00f1o madre, <strong>por lo que se encontrar\u00e1 cortada por el lapso de una semana<\/strong>. Este jueves <strong>se continuar\u00e1 desde la calle Daniel P\u00e1ez hasta Roque S\u00e1enz Pe\u00f1a<\/strong> por lo que la circulaci\u00f3n de los veh\u00edculos estar\u00e1 restringida.<\/p>\n<div id=\"attachment_48429\" style=\"width: 300px\" class=\"wp-caption alignleft\"><a href=\"http:\/\/vinasfm.com\/noticias\/wp-content\/uploads\/2019\/02\/Obras-Plan-H\u00e1bitat-4.jpg\"><img loading=\"lazy\" decoding=\"async\" aria-describedby=\"caption-attachment-48429\" class=\"wp-image-48429 size-medium\" src=\"http:\/\/vinasfm.com\/noticias\/wp-content\/uploads\/2019\/02\/Obras-Plan-H\u00e1bitat-4-300x199.jpg\" alt=\"\" width=\"300\" height=\"199\" srcset=\"https:\/\/vinasfm.com\/noticias\/wp-content\/uploads\/2019\/02\/Obras-Plan-H\u00e1bitat-4-300x199.jpg 300w, https:\/\/vinasfm.com\/noticias\/wp-content\/uploads\/2019\/02\/Obras-Plan-H\u00e1bitat-4-768x509.jpg 768w, https:\/\/vinasfm.com\/noticias\/wp-content\/uploads\/2019\/02\/Obras-Plan-H\u00e1bitat-4-1024x678.jpg 1024w\" sizes=\"auto, (max-width: 300px) 100vw, 300px\" \/><\/a><p id=\"caption-attachment-48429\" class=\"wp-caption-text\">El Plan Habitat beneficiar\u00e1 a miles de vecinos que residen en la zona noroeste de la Ciudad.<\/p><\/div>\n<p><strong>Gim\u00e9nez<\/strong> se\u00f1al\u00f3 que<em> \u00ab<strong>el acceso a la Escuela Alas Argentinas podr\u00e1 realizarse por la v\u00eda peatonal<\/strong> (veredas) por lo que <strong>pedimos a los vecinos paciencia y colaboraci\u00f3n<\/strong> ya que la Empresa trata de hacer los trabajos lo m\u00e1s r\u00e1pido posible. <strong>Solo ser\u00e1 por una semana la interrupci\u00f3n<\/strong>\u201d.<\/em><\/p>\n<p>\u201c<em><strong>El Programa incluye las conexiones domiciliarias llegando hasta la c\u00e1mara de inspecci\u00f3n dentro del lote<\/strong>, algo que en otros programas de cloacas no se da as\u00ed, <strong>ahorr\u00e1ndole a los vecinos un monto de cerca de $12.000 que significa realizar esta conexi\u00f3n de manera particular<\/strong><\/em>\u201d, indic\u00f3 el <strong>Director de Viviendas<\/strong> sobre este importante programa.<\/p>\n<p>\u201c<em>En esta obra se trabaja con la <strong>Estaci\u00f3n de Bombeo de calle Uspallata<\/strong>, que es de \u00faltima generaci\u00f3n, de tres pisos de altura, con filtros biol\u00f3gicos por lo que <strong>no emitir\u00e1 olores<\/strong> y a medida que van llevando las conexiones desde la parte de la zona norte (Isla Gorostiague) y zona sur (Los Ranqueles) vaya a esta estaci\u00f3n de bombeo. Por eso cuando se hacen esos empalmes, durante algunas horas se corta la calle Uspallata<\/em>\u201d, adhiri\u00f3 el <strong>Director<\/strong>.<\/p>\n<h5><em>\u2022Fernando Burett (F.M. Vi\u00f1as).<\/em><\/h5>\n","protected":false},"excerpt":{"rendered":"<p>Desde la Direcci\u00f3n de Vivienda de General Alvear explicaron sobre el avance de las obras de cloacas en el marco del &#8230;<\/p>\n","protected":false},"author":8,"featured_media":48425,"comment_status":"open","ping_status":"open","sticky":false,"template":"","format":"standard","meta":{"footnotes":""},"categories":[5,29],"tags":[],"class_list":["post-56163","post","type-post","status-publish","format-standard","has-post-thumbnail","hentry","category-actualidad","category-obras-y-servicios"],"_links":{"self":[{"href":"https:\/\/vinasfm.com\/noticias\/wp-json\/wp\/v2\/posts\/56163","targetHints":{"allow":["GET"]}}],"collection":[{"href":"https:\/\/vinasfm.com\/noticias\/wp-json\/wp\/v2\/posts"}],"about":[{"href":"https:\/\/vinasfm.com\/noticias\/wp-json\/wp\/v2\/types\/post"}],"author":[{"embeddable":true,"href":"https:\/\/vinasfm.com\/noticias\/wp-json\/wp\/v2\/users\/8"}],"replies":[{"embeddable":true,"href":"https:\/\/vinasfm.com\/noticias\/wp-json\/wp\/v2\/comments?post=56163"}],"version-history":[{"count":2,"href":"https:\/\/vinasfm.com\/noticias\/wp-json\/wp\/v2\/posts\/56163\/revisions"}],"predecessor-version":[{"id":56170,"href":"https:\/\/vinasfm.com\/noticias\/wp-json\/wp\/v2\/posts\/56163\/revisions\/56170"}],"wp:featuredmedia":[{"embeddable":true,"href":"https:\/\/vinasfm.com\/noticias\/wp-json\/wp\/v2\/media\/48425"}],"wp:attachment":[{"href":"https:\/\/vinasfm.com\/noticias\/wp-json\/wp\/v2\/media?parent=56163"}],"wp:term":[{"taxonomy":"category","embeddable":true,"href":"https:\/\/vinasfm.com\/noticias\/wp-json\/wp\/v2\/categories?post=56163"},{"taxonomy":"post_tag","embeddable":true,"href":"https:\/\/vinasfm.com\/noticias\/wp-json\/wp\/v2\/tags?post=56163"}],"curies":[{"name":"wp","href":"https:\/\/api.w.org\/{rel}","templated":true}]}}