{"id":56130,"date":"2019-07-31T03:00:28","date_gmt":"2019-07-31T06:00:28","guid":{"rendered":"http:\/\/vinasfm.com\/noticias\/?p=56130"},"modified":"2019-07-31T09:51:45","modified_gmt":"2019-07-31T12:51:45","slug":"conoce-de-que-trata-la-jornada-sobre-insercion-laboral-que-se-realizara-en-alvear","status":"publish","type":"post","link":"https:\/\/vinasfm.com\/noticias\/conoce-de-que-trata-la-jornada-sobre-insercion-laboral-que-se-realizara-en-alvear\/","title":{"rendered":"CONOC\u00c9 DE QU\u00c9 TRATA LA JORNADA SOBRE INSERCI\u00d3N LABORAL QUE SE REALIZAR\u00c1 EN ALVEAR"},"content":{"rendered":"<h4><strong>Desde la Secretaria de Desarrollo y Promoci\u00f3n Departamental de la Municipalidad informaron sobre la capacitaci\u00f3n que se realizar\u00e1 en Conocimiento del Mercado de Trabajo y Estrategias para la Inserci\u00f3n Laboral.<\/strong><\/h4>\n<p>\u201c<em>La jornada de capacitaci\u00f3n se realizar\u00e1 el <strong>pr\u00f3ximo s\u00e1bado 3 de agosto a las 9h en el Sal\u00f3n Honorable Concejo Deliberante<\/strong>, para los que asistan se les har\u00e1 entrega de un certificado, <strong>es totalmente gratis<\/strong> y est\u00e1 destinada para todas las personas de diferentes\u00a0 edades que deseen insertarse en el mercado de trabajo<\/em>\u201d, dijo <strong>Ezequiel Kapluk<\/strong> a cargo de la <strong>Oficina de Empleo<\/strong>.<\/p>\n<p><a href=\"http:\/\/vinasfm.com\/noticias\/wp-content\/uploads\/2019\/07\/capacitaci\u00f3n-2.jpg\"><img loading=\"lazy\" decoding=\"async\" class=\" wp-image-56132 aligncenter\" src=\"http:\/\/vinasfm.com\/noticias\/wp-content\/uploads\/2019\/07\/capacitaci\u00f3n-2-300x166.jpg\" alt=\"\" width=\"533\" height=\"295\" srcset=\"https:\/\/vinasfm.com\/noticias\/wp-content\/uploads\/2019\/07\/capacitaci\u00f3n-2-300x166.jpg 300w, https:\/\/vinasfm.com\/noticias\/wp-content\/uploads\/2019\/07\/capacitaci\u00f3n-2-768x425.jpg 768w, https:\/\/vinasfm.com\/noticias\/wp-content\/uploads\/2019\/07\/capacitaci\u00f3n-2-360x200.jpg 360w, https:\/\/vinasfm.com\/noticias\/wp-content\/uploads\/2019\/07\/capacitaci\u00f3n-2.jpg 991w\" sizes=\"auto, (max-width: 533px) 100vw, 533px\" \/><\/a><\/p>\n<p>Los disertantes de la capacitaci\u00f3n ser\u00e1n el <strong>Lic. Pablo Abalos<\/strong>, <strong>Lic. Lorena Castro<\/strong>, <strong>Dr. Juan Pablo Vignone<\/strong> y <strong>Ezequiel Kapluk<\/strong>.<\/p>\n<p>La <strong>Licenciada Lorena Castro<\/strong> expres\u00f3: \u201c<em>esta capacitaci\u00f3n estar\u00e1 orientada para aquellas personas que deseen obtener conocimientos sobre como dise\u00f1ar un buen Curriculum, sobre las empresas que existen en el mercado, a donde pueden orientarse, tambi\u00e9n tendr\u00e1n t\u00e9cnicas,\u00a0 herramientas y fuentes para buscar la salida laboral\u201d.<\/em><\/p>\n<p>Los interesados pueden inscribirse en la red social Facebook: <strong>Instituto Balcarce Gral. Alvear<\/strong> o por <strong>Tel. 2625-409067-661008<\/strong> o en la <strong>Oficina de Empleo<\/strong> en calle Intendente Morales N\u00b0 555. Tel. 2625-427393.<\/p>\n<h5><em>F.B. (F.M. Vi\u00f1as).<\/em><\/h5>\n","protected":false},"excerpt":{"rendered":"<p>Desde la Secretaria de Desarrollo y Promoci\u00f3n Departamental de la Municipalidad informaron sobre la capacitaci\u00f3n que se realizar\u00e1 en Conocimiento del &#8230;<\/p>\n","protected":false},"author":8,"featured_media":56131,"comment_status":"open","ping_status":"open","sticky":false,"template":"","format":"standard","meta":{"footnotes":""},"categories":[1],"tags":[],"class_list":["post-56130","post","type-post","status-publish","format-standard","has-post-thumbnail","hentry","category-fmvinas"],"_links":{"self":[{"href":"https:\/\/vinasfm.com\/noticias\/wp-json\/wp\/v2\/posts\/56130","targetHints":{"allow":["GET"]}}],"collection":[{"href":"https:\/\/vinasfm.com\/noticias\/wp-json\/wp\/v2\/posts"}],"about":[{"href":"https:\/\/vinasfm.com\/noticias\/wp-json\/wp\/v2\/types\/post"}],"author":[{"embeddable":true,"href":"https:\/\/vinasfm.com\/noticias\/wp-json\/wp\/v2\/users\/8"}],"replies":[{"embeddable":true,"href":"https:\/\/vinasfm.com\/noticias\/wp-json\/wp\/v2\/comments?post=56130"}],"version-history":[{"count":2,"href":"https:\/\/vinasfm.com\/noticias\/wp-json\/wp\/v2\/posts\/56130\/revisions"}],"predecessor-version":[{"id":56138,"href":"https:\/\/vinasfm.com\/noticias\/wp-json\/wp\/v2\/posts\/56130\/revisions\/56138"}],"wp:featuredmedia":[{"embeddable":true,"href":"https:\/\/vinasfm.com\/noticias\/wp-json\/wp\/v2\/media\/56131"}],"wp:attachment":[{"href":"https:\/\/vinasfm.com\/noticias\/wp-json\/wp\/v2\/media?parent=56130"}],"wp:term":[{"taxonomy":"category","embeddable":true,"href":"https:\/\/vinasfm.com\/noticias\/wp-json\/wp\/v2\/categories?post=56130"},{"taxonomy":"post_tag","embeddable":true,"href":"https:\/\/vinasfm.com\/noticias\/wp-json\/wp\/v2\/tags?post=56130"}],"curies":[{"name":"wp","href":"https:\/\/api.w.org\/{rel}","templated":true}]}}