{"id":56096,"date":"2019-07-30T10:17:11","date_gmt":"2019-07-30T13:17:11","guid":{"rendered":"http:\/\/vinasfm.com\/noticias\/?p=56096"},"modified":"2019-07-31T10:30:57","modified_gmt":"2019-07-31T13:30:57","slug":"animales-sueltos-un-vehiculo-colisiono-contra-dos-animales-caprinos-en-ruta-188","status":"publish","type":"post","link":"https:\/\/vinasfm.com\/noticias\/animales-sueltos-un-vehiculo-colisiono-contra-dos-animales-caprinos-en-ruta-188\/","title":{"rendered":"ANIMALES SUELTOS: UN VEH\u00cdCULO COLISION\u00d3 CONTRA DOS CAPRINOS EN RUTA 188"},"content":{"rendered":"<h4><strong>Un incidente vial protagonizado por un veh\u00edculo y dos animales caprinos se produjo en horas de la madrugada de este martes en Ruta 188, Km 716.<\/strong><\/h4>\n<p>Seg\u00fan inform\u00f3 a <strong>F.M. Vi\u00f1as el Sub Comisario N\u00e9stor Colleta<\/strong> a las <strong>04:20h de este martes<\/strong> un llamado al 911 alert\u00f3 sobre la <strong>colisi\u00f3n entre un Citroen C4 <\/strong><em>(Imagen)<\/em><strong> con cuatro ocupantes<\/strong>, dos mayores de edad y dos menores, <strong>y dos animales caprinos que se encontraban sobre la Ruta 188 a la altura del Km 716<\/strong>.<\/p>\n<p>Hasta el lugar del hecho se desplaz\u00f3 <strong>personal de Comisar\u00eda 46\u00b0 <\/strong>y profesionales del <strong>Centro de Salud de Bowen <\/strong>donde asistieron a los ocupantes del autom\u00f3vil, quienes <strong>no revest\u00edan lesiones<\/strong>. Por otro lado <strong>las cabras murieron producto del impacto<\/strong>.<\/p>\n<h5><em>F.B. (F.M. Vi\u00f1as).<\/em><\/h5>\n","protected":false},"excerpt":{"rendered":"<p>Un incidente vial protagonizado por un veh\u00edculo y dos animales caprinos se produjo en horas de la madrugada de este martes &#8230;<\/p>\n","protected":false},"author":8,"featured_media":56143,"comment_status":"open","ping_status":"open","sticky":false,"template":"","format":"standard","meta":{"footnotes":""},"categories":[5,4],"tags":[],"class_list":["post-56096","post","type-post","status-publish","format-standard","has-post-thumbnail","hentry","category-actualidad","category-policiales"],"_links":{"self":[{"href":"https:\/\/vinasfm.com\/noticias\/wp-json\/wp\/v2\/posts\/56096","targetHints":{"allow":["GET"]}}],"collection":[{"href":"https:\/\/vinasfm.com\/noticias\/wp-json\/wp\/v2\/posts"}],"about":[{"href":"https:\/\/vinasfm.com\/noticias\/wp-json\/wp\/v2\/types\/post"}],"author":[{"embeddable":true,"href":"https:\/\/vinasfm.com\/noticias\/wp-json\/wp\/v2\/users\/8"}],"replies":[{"embeddable":true,"href":"https:\/\/vinasfm.com\/noticias\/wp-json\/wp\/v2\/comments?post=56096"}],"version-history":[{"count":1,"href":"https:\/\/vinasfm.com\/noticias\/wp-json\/wp\/v2\/posts\/56096\/revisions"}],"predecessor-version":[{"id":56160,"href":"https:\/\/vinasfm.com\/noticias\/wp-json\/wp\/v2\/posts\/56096\/revisions\/56160"}],"wp:featuredmedia":[{"embeddable":true,"href":"https:\/\/vinasfm.com\/noticias\/wp-json\/wp\/v2\/media\/56143"}],"wp:attachment":[{"href":"https:\/\/vinasfm.com\/noticias\/wp-json\/wp\/v2\/media?parent=56096"}],"wp:term":[{"taxonomy":"category","embeddable":true,"href":"https:\/\/vinasfm.com\/noticias\/wp-json\/wp\/v2\/categories?post=56096"},{"taxonomy":"post_tag","embeddable":true,"href":"https:\/\/vinasfm.com\/noticias\/wp-json\/wp\/v2\/tags?post=56096"}],"curies":[{"name":"wp","href":"https:\/\/api.w.org\/{rel}","templated":true}]}}