{"id":55961,"date":"2019-07-27T09:33:20","date_gmt":"2019-07-27T12:33:20","guid":{"rendered":"http:\/\/vinasfm.com\/noticias\/?p=55961"},"modified":"2019-07-27T09:33:20","modified_gmt":"2019-07-27T12:33:20","slug":"inclusive-el-lenguaje-por-jose-niemetz","status":"publish","type":"post","link":"https:\/\/vinasfm.com\/noticias\/inclusive-el-lenguaje-por-jose-niemetz\/","title":{"rendered":"INCLUSIVE EL LENGUAJE &#8211; POR JOS\u00c9 NIEMETZ"},"content":{"rendered":"<p>Sucede con bastante frecuencia que en ciertas cenas de amigos en las que poco hay para conversar y todav\u00eda queda mucho por comer, que se recurre al recurso salvador de disertar sobre alguna tem\u00e1tica supuestamente interesant\u00edsima. Esa noche, luego de que la m\u00e9dica de la mesa concluy\u00f3 su mon\u00f3logo sobre, no s\u00e9, pongamos por caso \u00a0los avances en la rob\u00f3tica para cirug\u00edas laparosc\u00f3picas de ves\u00edcula, y el arquitecto hizo lo mismo con la est\u00e9tica minimalista en el dise\u00f1o de loft londinense, alguien, viendo que el sue\u00f1o y el aburrimiento estaban a punto de darme su golpe de knock out, y seguro de que iba a ser extremadamente breve en mi discurso (como en la anterior cena en la que me preguntaron sobre la relaci\u00f3n entre la mala ortograf\u00eda de los chicos y el uso de \u00a0los dispositivos m\u00f3viles, o m\u00e1s breve a\u00fan que la cena donde me preguntaron sobre por qu\u00e9 los j\u00f3venes de hoy en d\u00eda no leen), en esta ocasi\u00f3n me preguntaron:<\/p>\n<p>-Che, \u00bfqu\u00e9 opin\u00e1s del lenguaje inclusivo?<\/p>\n<p>Lo preguntaron c\u00f3mo se pregunta algo obvio, ret\u00f3rico, casi divertido. Sin embargo, cuando respond\u00ed que el tema no me resulta ni siquiera interesante, todos manifestaron un gran alivio por mi respuesta pol\u00edticamente correcta. Es por ello que me apur\u00e9 en agregar:<\/p>\n<p>El as\u00ed llamado \u2018lenguaje inclusivo\u2019 seguramente no es otra cosa que una moda que como toda moda desaparecer\u00e1 como tal. Y mientras tanto, nos hace hablar pavadas sobre ella.<\/p>\n<p>Lo que no es una moda es la exclusi\u00f3n de las diversidades sexuales que no se adecuan a la h\u00e9tero normatividad.<\/p>\n<p>El silencio en la mesa fue tenso. La doctora mir\u00f3 el reloj. El abogado apur\u00f3 el helado. Mi mujer me mir\u00f3 como suplicando \u00a1no! \u00a1por favor! \u00a1No lo hagas! \u00a1Hoy no! Sin embargo, envalentonado por un bonarda perfecto, continu\u00e9:<\/p>\n<p>\u00bfC\u00f3mo es posible que un tema tan pueril alcance este lugar tan repetido en nuestras conversaciones cotidianas? \u00bfC\u00f3mo es posible que la Real Academia intente dictaminar sobre algo en lo que no tiene ninguna competencia? \u00bfC\u00f3mo es posible que el autoritario castigo a una docente mendocina, por el insignificante acto de saludar a sus alumnos con un todes, se haya constituido, (junto con el otro castigo: el del \u00cdtem Aula) en la principal acci\u00f3n del gobierno educativo?<\/p>\n<p>El helado se hab\u00eda terminado, mi mujer serv\u00eda caf\u00e9, el silencio de los comensales no se deb\u00eda al inter\u00e9s por el tema sino al arrepentimiento por haberlo planteado.<br \/>\nSencillamente -continu\u00e9- porque el s\u00f3lo hecho de decir todes, visibiliza, s\u00f3lo eso, la dolorosa exclusi\u00f3n que sufren las distintas identidades sexuales que existen entre nuestros chiques.<\/p>\n<p>El arquitecto, revolviendo el caf\u00e9 y hurgueteando unas masitas secas, me increp\u00f3:<\/p>\n<p>-Pero la RAE ya dictamin\u00f3 que\u2026<\/p>\n<p>-Che, si a vos te parece que el lenguaje que vos habl\u00e1s es un bloque herm\u00e9tico, cerradito y manejado como verdad revelada por un cen\u00e1culo de acad\u00e9micos, te cuento que este coso con el que te comunic\u00e1s es una especie de sobra proveniente del idioma que llevaron los antiguos conquistadores romanos por una buena parte de Europa y que se llamaba lat\u00edn vulgar (que, a su vez, generaba espanto moral entre los intelectuales de la Roma cl\u00e1sica) y que se fue maravillosamente degenerando y se constituy\u00f3 en muchas lenguas, entre otras en nuestro amado castellano. Cada pueblo, cada \u00e9poca, cada hablante hacen algo con \u00e9l. Los que mencionan a la RAE para defenestrar al lenguaje inclusivo, para ser coherentes, deber\u00edan comunicarse en lat\u00edn cl\u00e1sico.<\/p>\n<p>-Bueno, no es para tanto \u2013agreg\u00f3 la m\u00e9dica. \u00a1S\u00ed! Es para tanto \u2013le contest\u00e9-. Primero porque la exclusi\u00f3n no solo contin\u00faa entre nosotros sino que se continua reprimiendo a quienes la ponen en evidencia, como esa valiente docente de Jun\u00edn. Y en segundo lugar porque en nombre de proteger a la docente, se la castig\u00f3 con un pat\u00e9tico traslado (como si ese traslado lavara sus ideas). Est\u00e1 claro que los funcionarios educativos se aferraron a este tema porque ante las acuciantes problem\u00e1ticas de la educaci\u00f3n s\u00f3lo manifiestan incompetencia, y as\u00ed, aunque sea con violencia, pareciera que hacen algo. La pregunta que me formulo es: \u00bfy qui\u00e9n protege a esos pibes y pibas de tener padres tan reaccionarios e ignorantes?<\/p>\n<p>-Lo que yo quiero decir es\u2026 -atin\u00f3 cualquiera de los comensales.<\/p>\n<p>-El lenguaje inclusivo en s\u00ed mismo, carece de toda importancia. Ac\u00e1 lo \u00fanico que resulta importante es la exclusi\u00f3n que sufren cientos de miles de seres humanos por su nacionalidad, su color, su peso, su religi\u00f3n, su est\u00e1ndar econ\u00f3mico y tambi\u00e9n por su condici\u00f3n sexual.<\/p>\n<p>Cuando mi mujer ofreci\u00f3 m\u00e1s caf\u00e9, todes respondieron al un\u00edsono \u00a0que no, gracias, que les provoca insomnio. Y que les gusta dormir tranquiles.<\/p>\n<p>No estoy seguro de que lo logren.<\/p>\n<h5 class=\"font-bold\">\u2022Por Prof. Jos\u00e9 Niemetz &#8211; Escritor. Premio Clar\u00edn de Novela 2018.<\/h5>\n","protected":false},"excerpt":{"rendered":"<p>Sucede con bastante frecuencia que en ciertas cenas de amigos en las que poco hay para conversar y todav\u00eda queda mucho &#8230;<\/p>\n","protected":false},"author":8,"featured_media":55962,"comment_status":"open","ping_status":"open","sticky":false,"template":"","format":"standard","meta":{"footnotes":""},"categories":[5,42],"tags":[],"class_list":["post-55961","post","type-post","status-publish","format-standard","has-post-thumbnail","hentry","category-actualidad","category-opinion"],"_links":{"self":[{"href":"https:\/\/vinasfm.com\/noticias\/wp-json\/wp\/v2\/posts\/55961","targetHints":{"allow":["GET"]}}],"collection":[{"href":"https:\/\/vinasfm.com\/noticias\/wp-json\/wp\/v2\/posts"}],"about":[{"href":"https:\/\/vinasfm.com\/noticias\/wp-json\/wp\/v2\/types\/post"}],"author":[{"embeddable":true,"href":"https:\/\/vinasfm.com\/noticias\/wp-json\/wp\/v2\/users\/8"}],"replies":[{"embeddable":true,"href":"https:\/\/vinasfm.com\/noticias\/wp-json\/wp\/v2\/comments?post=55961"}],"version-history":[{"count":1,"href":"https:\/\/vinasfm.com\/noticias\/wp-json\/wp\/v2\/posts\/55961\/revisions"}],"predecessor-version":[{"id":55963,"href":"https:\/\/vinasfm.com\/noticias\/wp-json\/wp\/v2\/posts\/55961\/revisions\/55963"}],"wp:featuredmedia":[{"embeddable":true,"href":"https:\/\/vinasfm.com\/noticias\/wp-json\/wp\/v2\/media\/55962"}],"wp:attachment":[{"href":"https:\/\/vinasfm.com\/noticias\/wp-json\/wp\/v2\/media?parent=55961"}],"wp:term":[{"taxonomy":"category","embeddable":true,"href":"https:\/\/vinasfm.com\/noticias\/wp-json\/wp\/v2\/categories?post=55961"},{"taxonomy":"post_tag","embeddable":true,"href":"https:\/\/vinasfm.com\/noticias\/wp-json\/wp\/v2\/tags?post=55961"}],"curies":[{"name":"wp","href":"https:\/\/api.w.org\/{rel}","templated":true}]}}