{"id":55936,"date":"2019-07-26T11:50:11","date_gmt":"2019-07-26T14:50:11","guid":{"rendered":"http:\/\/vinasfm.com\/noticias\/?p=55936"},"modified":"2019-07-26T11:50:11","modified_gmt":"2019-07-26T14:50:11","slug":"robaron-otra-bicicleta-del-interior-de-una-vivienda-en-el-b-soemga","status":"publish","type":"post","link":"https:\/\/vinasfm.com\/noticias\/robaron-otra-bicicleta-del-interior-de-una-vivienda-en-el-b-soemga\/","title":{"rendered":"ROBARON OTRA BICICLETA DEL INTERIOR DE UNA VIVIENDA EN EL B\u00b0 SOEMGA"},"content":{"rendered":"<h4><strong>En horas de la madrugada de este jueves un il\u00edcito contra la propiedad se perpetr\u00f3 en una vivienda del B\u00b0 Soemga.<\/strong><\/h4>\n<p>Seg\u00fan detall\u00f3 el <strong>Comisario Modesto Bravo<\/strong>, el il\u00edcito fue denunciado en horas de la ma\u00f1ana despu\u00e9s de que el propietario constatara que del interior de su propiedad, autores ignorados, <strong>hab\u00eda sustra\u00eddo una bicicleta Todo Terreno<\/strong> (rodado 29, color blanco con vivos en letras color rojo). Para ingresar, los malvivientes, <strong>da\u00f1aron una de las ventanas<\/strong>.<\/p>\n<p>El hecho, que se est\u00e1 investigando, fue judicializado bajo instrucci\u00f3n de la <strong>Unidad Fiscal de Comisar\u00eda 14\u00b0<\/strong>.<\/p>\n<h5><em>F.B. (F.M. Vi\u00f1as).<\/em><\/h5>\n","protected":false},"excerpt":{"rendered":"<p>En horas de la madrugada de este jueves un il\u00edcito contra la propiedad se perpetr\u00f3 en una vivienda del B\u00b0 Soemga. &#8230;<\/p>\n","protected":false},"author":8,"featured_media":46754,"comment_status":"open","ping_status":"open","sticky":false,"template":"","format":"standard","meta":{"footnotes":""},"categories":[5,4],"tags":[],"class_list":["post-55936","post","type-post","status-publish","format-standard","has-post-thumbnail","hentry","category-actualidad","category-policiales"],"_links":{"self":[{"href":"https:\/\/vinasfm.com\/noticias\/wp-json\/wp\/v2\/posts\/55936","targetHints":{"allow":["GET"]}}],"collection":[{"href":"https:\/\/vinasfm.com\/noticias\/wp-json\/wp\/v2\/posts"}],"about":[{"href":"https:\/\/vinasfm.com\/noticias\/wp-json\/wp\/v2\/types\/post"}],"author":[{"embeddable":true,"href":"https:\/\/vinasfm.com\/noticias\/wp-json\/wp\/v2\/users\/8"}],"replies":[{"embeddable":true,"href":"https:\/\/vinasfm.com\/noticias\/wp-json\/wp\/v2\/comments?post=55936"}],"version-history":[{"count":1,"href":"https:\/\/vinasfm.com\/noticias\/wp-json\/wp\/v2\/posts\/55936\/revisions"}],"predecessor-version":[{"id":55939,"href":"https:\/\/vinasfm.com\/noticias\/wp-json\/wp\/v2\/posts\/55936\/revisions\/55939"}],"wp:featuredmedia":[{"embeddable":true,"href":"https:\/\/vinasfm.com\/noticias\/wp-json\/wp\/v2\/media\/46754"}],"wp:attachment":[{"href":"https:\/\/vinasfm.com\/noticias\/wp-json\/wp\/v2\/media?parent=55936"}],"wp:term":[{"taxonomy":"category","embeddable":true,"href":"https:\/\/vinasfm.com\/noticias\/wp-json\/wp\/v2\/categories?post=55936"},{"taxonomy":"post_tag","embeddable":true,"href":"https:\/\/vinasfm.com\/noticias\/wp-json\/wp\/v2\/tags?post=55936"}],"curies":[{"name":"wp","href":"https:\/\/api.w.org\/{rel}","templated":true}]}}