{"id":55934,"date":"2019-07-26T11:03:56","date_gmt":"2019-07-26T14:03:56","guid":{"rendered":"http:\/\/vinasfm.com\/noticias\/?p=55934"},"modified":"2019-07-26T11:03:56","modified_gmt":"2019-07-26T14:03:56","slug":"tras-las-nevadas-habilitan-el-paso-pehuenche","status":"publish","type":"post","link":"https:\/\/vinasfm.com\/noticias\/tras-las-nevadas-habilitan-el-paso-pehuenche\/","title":{"rendered":"TRAS LAS NEVADAS HABILITAN EL PASO PEHUENCHE"},"content":{"rendered":"<p><strong>Estaba cerrado por las nevadas que se hab\u00edan registrado en la zona.<\/strong><\/p>\n<p>El Paso Pehuenche permanec\u00eda cerrado, hasta este viernes que ya qued\u00f3 habilitado. Seg\u00fan el informe, la Direcci\u00f3n de Vialidad realiza trabajos con maquinaria en sectores con angostamiento por mayor acumulaci\u00f3n de nieve desde el kil\u00f3metro 141 al kil\u00f3metro 148.<\/p>\n<p>Recomendaciones conductores que crucen la Frontera.<\/p>\n<ul>\n<li>&#x26a0;Porte obligatorio de cadenas, en presencia de hielo o nieve sobre la calzada uso obligado de cadenas.<\/li>\n<li>&#x26a0;Precauci\u00f3n ante posibles rodados y hielo en la calzada.<\/li>\n<li>&#x26a0;Conducir a la defensiva.<\/li>\n<li>&#x26a0;Precauci\u00f3n por la presencia de maquinaria en la Ruta desde el kil\u00f3metro 141 al 148.<\/li>\n<li>&#x26a0;En presencia de hielo o nieve sobre la calzada, la velocidad de desplazamiento recomendada es 20-35 km\/h, marcha recomendada 2\u00b0 y 3\u00b0 velocidad.<\/li>\n<li>&#x26a0;En presencia de hielo o nieve sobre la calzada, no acelerar bruscamente, disminuir la velocidad bajo los 35 km\/h, evitar frenadas bruscas, uso obligatorio de cadenas.<\/li>\n<li>&#x26a0;Conservar una distancia prudente con el veh\u00edculo que antecede.<\/li>\n<\/ul>\n<p>Como medida preventiva, se recomienda habilitar el tr\u00e1nsito vehicular de turistas hasta el Complejo Fronterizo.<\/p>\n<p>Recomendaci\u00f3n para turistas.<\/p>\n<ul>\n<li>&#x26a0;Conducci\u00f3n a la defensiva ante posibles rodados y hielo sobre la calzada.<\/li>\n<li>&#x26a0;Estacionar solo en lugares autorizados<\/li>\n<li>&#x26a0;No detenerse en la calzada<\/li>\n<li>&#x26a0;Conservar una distancia prudente con el veh\u00edculo que antecede.<\/li>\n<li>&#x26a0;Prohibici\u00f3n del ingreso de veh\u00edculos y transe\u00fantes a los sectores: Laguna Del Maule y Cascada Invertida.<\/li>\n<\/ul>\n<p><strong><em>Fuente: Malarg\u00fce Diario \/ Edici\u00f3n: A.C. <\/em><\/strong><\/p>\n","protected":false},"excerpt":{"rendered":"<p>Estaba cerrado por las nevadas que se hab\u00edan registrado en la zona. El Paso Pehuenche permanec\u00eda cerrado, hasta este viernes que &#8230;<\/p>\n","protected":false},"author":7,"featured_media":52772,"comment_status":"open","ping_status":"open","sticky":false,"template":"","format":"standard","meta":{"footnotes":""},"categories":[5],"tags":[],"class_list":["post-55934","post","type-post","status-publish","format-standard","has-post-thumbnail","hentry","category-actualidad"],"_links":{"self":[{"href":"https:\/\/vinasfm.com\/noticias\/wp-json\/wp\/v2\/posts\/55934","targetHints":{"allow":["GET"]}}],"collection":[{"href":"https:\/\/vinasfm.com\/noticias\/wp-json\/wp\/v2\/posts"}],"about":[{"href":"https:\/\/vinasfm.com\/noticias\/wp-json\/wp\/v2\/types\/post"}],"author":[{"embeddable":true,"href":"https:\/\/vinasfm.com\/noticias\/wp-json\/wp\/v2\/users\/7"}],"replies":[{"embeddable":true,"href":"https:\/\/vinasfm.com\/noticias\/wp-json\/wp\/v2\/comments?post=55934"}],"version-history":[{"count":1,"href":"https:\/\/vinasfm.com\/noticias\/wp-json\/wp\/v2\/posts\/55934\/revisions"}],"predecessor-version":[{"id":55935,"href":"https:\/\/vinasfm.com\/noticias\/wp-json\/wp\/v2\/posts\/55934\/revisions\/55935"}],"wp:featuredmedia":[{"embeddable":true,"href":"https:\/\/vinasfm.com\/noticias\/wp-json\/wp\/v2\/media\/52772"}],"wp:attachment":[{"href":"https:\/\/vinasfm.com\/noticias\/wp-json\/wp\/v2\/media?parent=55934"}],"wp:term":[{"taxonomy":"category","embeddable":true,"href":"https:\/\/vinasfm.com\/noticias\/wp-json\/wp\/v2\/categories?post=55934"},{"taxonomy":"post_tag","embeddable":true,"href":"https:\/\/vinasfm.com\/noticias\/wp-json\/wp\/v2\/tags?post=55934"}],"curies":[{"name":"wp","href":"https:\/\/api.w.org\/{rel}","templated":true}]}}