{"id":55906,"date":"2019-07-26T06:00:22","date_gmt":"2019-07-26T09:00:22","guid":{"rendered":"http:\/\/vinasfm.com\/noticias\/?p=55906"},"modified":"2019-07-26T09:06:35","modified_gmt":"2019-07-26T12:06:35","slug":"tras-las-paso-el-gobierno-subiria-el-salario-minimo-entre-un-26-y-un-30","status":"publish","type":"post","link":"https:\/\/vinasfm.com\/noticias\/tras-las-paso-el-gobierno-subiria-el-salario-minimo-entre-un-26-y-un-30\/","title":{"rendered":"TRAS LAS PASO EL GOBIERNO SUBIR\u00cdA EL SALARIO M\u00cdNIMO ENTRE UN 26% Y UN 30%"},"content":{"rendered":"<h4><strong>Una vez cumplidas las elecciones primarias, abiertas, simult\u00e1neas y obligatorias (PASO) del pr\u00f3ximo 11 de agosto,<\/strong>\u00a0<strong>el Gobierno tiene decidido convocar al Consejo del Salario M\u00ednimo, Vital y M\u00f3vil<\/strong>. <strong>El encuentro se realizar\u00eda en la segunda quincena del mismo mes <\/strong>y\u00a0<strong>el objetivo del Gobierno es proponer un aumento del sueldo m\u00ednimo de entre 26 y 30%<\/strong>.<\/h4>\n<p><strong>Seg\u00fan informa el diario Clar\u00edn, en la Casa Rosada convinieron ese porcentaje a partir del siguiente dato<\/strong>: el piso del 23% con el que comenzaron a negociarse las paritarias de este a\u00f1o, que como consecuencia de la inflaci\u00f3n subi\u00f3 a 26% en febrero y ya ente mayo y junio se discute en el orden del 30%, con cl\u00e1usulas de revisi\u00f3n.<\/p>\n<p><strong>Actualmente, el salario m\u00ednimo es de $ 12.500 o de $ 62,50 la hora para los jornalizados<\/strong>. Antes se eso hab\u00eda pasado de $9.500 en junio de 2018 a $ 10.000 entre julio y agosto; a $ 10.700 entre septiembre y noviembre; a $ 11.300 en febrero y a $ 12.500 en junio.<\/p>\n<p>Teniendo en cuenta que la reuni\u00f3n del a\u00f1o pasado fue el 8 de agosto,\u00a0<strong>en el Gobierno creen no era ideal sentarse a debatir el tema poco antes de las Primarias<\/strong>\u00a0frente a la posibilidad de una falta de acuerdo entre los empresarios y los sindicatos. Este escenario habr\u00eda obligado al <strong>Ministro de Producci\u00f3n y Trabajo<\/strong>, <strong>Dante Sica<\/strong>, a tener que intermediar con el riesgo de no poder conformar a ninguna de las partes.<\/p>\n<p>El <strong>Consejo del Salario<\/strong> est\u00e1 conformado por 16 representantes de los empresarios (UIA, C\u00e1mara Argentina de Comercio, entre otros) y 16 de los trabajadores (CGT y CTA). Para llegar a una decisi\u00f3n se necesita una mayor\u00eda de dos tercios. Sin embargo, en caso de no alcanzar un acuerdo en dos sesiones, el presidente (el ministro de Producci\u00f3n y Trabajo) tiene la potestad de decidir \u201c<em>con fuerza de laudo<\/em>\u201d aquellos puntos en los que haya discrepancia.<\/p>\n<p><strong>El incremento del m\u00ednimo, se estima, alcanza directamente a unos 500 mil trabajadores registrados \u201cfuera de convenio\u201d<\/strong>\u00a0y un gran n\u00famero de empleados informales que toman ese salario como referencia.<\/p>\n<h5><em>F.B. (F.M. Vi\u00f1as).<\/em><\/h5>\n","protected":false},"excerpt":{"rendered":"<p>Una vez cumplidas las elecciones primarias, abiertas, simult\u00e1neas y obligatorias (PASO) del pr\u00f3ximo 11 de agosto,\u00a0el Gobierno tiene decidido convocar al &#8230;<\/p>\n","protected":false},"author":8,"featured_media":55908,"comment_status":"open","ping_status":"open","sticky":false,"template":"","format":"standard","meta":{"footnotes":""},"categories":[5,16],"tags":[],"class_list":["post-55906","post","type-post","status-publish","format-standard","has-post-thumbnail","hentry","category-actualidad","category-economia"],"_links":{"self":[{"href":"https:\/\/vinasfm.com\/noticias\/wp-json\/wp\/v2\/posts\/55906","targetHints":{"allow":["GET"]}}],"collection":[{"href":"https:\/\/vinasfm.com\/noticias\/wp-json\/wp\/v2\/posts"}],"about":[{"href":"https:\/\/vinasfm.com\/noticias\/wp-json\/wp\/v2\/types\/post"}],"author":[{"embeddable":true,"href":"https:\/\/vinasfm.com\/noticias\/wp-json\/wp\/v2\/users\/8"}],"replies":[{"embeddable":true,"href":"https:\/\/vinasfm.com\/noticias\/wp-json\/wp\/v2\/comments?post=55906"}],"version-history":[{"count":1,"href":"https:\/\/vinasfm.com\/noticias\/wp-json\/wp\/v2\/posts\/55906\/revisions"}],"predecessor-version":[{"id":55909,"href":"https:\/\/vinasfm.com\/noticias\/wp-json\/wp\/v2\/posts\/55906\/revisions\/55909"}],"wp:featuredmedia":[{"embeddable":true,"href":"https:\/\/vinasfm.com\/noticias\/wp-json\/wp\/v2\/media\/55908"}],"wp:attachment":[{"href":"https:\/\/vinasfm.com\/noticias\/wp-json\/wp\/v2\/media?parent=55906"}],"wp:term":[{"taxonomy":"category","embeddable":true,"href":"https:\/\/vinasfm.com\/noticias\/wp-json\/wp\/v2\/categories?post=55906"},{"taxonomy":"post_tag","embeddable":true,"href":"https:\/\/vinasfm.com\/noticias\/wp-json\/wp\/v2\/tags?post=55906"}],"curies":[{"name":"wp","href":"https:\/\/api.w.org\/{rel}","templated":true}]}}