{"id":55894,"date":"2019-07-26T08:00:39","date_gmt":"2019-07-26T11:00:39","guid":{"rendered":"http:\/\/vinasfm.com\/noticias\/?p=55894"},"modified":"2019-07-26T09:09:53","modified_gmt":"2019-07-26T12:09:53","slug":"estos-son-los-nuevos-montos-del-seguro-agricola","status":"publish","type":"post","link":"https:\/\/vinasfm.com\/noticias\/estos-son-los-nuevos-montos-del-seguro-agricola\/","title":{"rendered":"ESTOS SON LOS NUEVOS MONTOS DEL SEGURO AGR\u00cdCOLA"},"content":{"rendered":"<p><strong>Se trata de la tercera campa\u00f1a en la que la prestaci\u00f3n estar\u00e1 a cargo de un grupo de aseguradoras contratadas por el Gobierno de Mendoza. Se trata de la cobertura contra el riesgo de granizo y las heladas tard\u00edas para la nueva temporada.<\/strong><\/p>\n<p>El seguro continuar\u00e1 funcionando con un sistema mixto en el que un grupo de empresas privadas se encargan de la cobertura contra el riesgo del granizo y las heladas tard\u00edas.<strong> La cobertura apunta a productores de hasta 20 hect\u00e1reas de vid, frutales, hortalizas de verano y cereales para forraje de toda la provincia. Como siempre, se compensar\u00e1n las p\u00e9rdidas superiores o iguales al 50% de da\u00f1o en cada cultivo.<\/strong><\/p>\n<p>Respecto de la \u00faltima campa\u00f1a, las indemnizaciones ser\u00e1n 53.8 % m\u00e1s altas. En casos de que <strong>las heladas tard\u00edas y\/o el granizo afecten la producci\u00f3n con da\u00f1os equivalentes al 100%, los productores de vid y\/o frutales recibir\u00e1n $20.000 por hect\u00e1rea.<\/strong> En tanto que, los productores de <strong>hortalizas, ma\u00edz y forrajeras cobrar\u00edan $3.900 por hect\u00e1rea da\u00f1ada al 100%<\/strong>. En la temporada 2018-19, el sistema tuvo un \u00edndice de siniestralidad 103%. Es decir que, por cada 100 pesos de prima, el pool asegurador tuvo que desembolsar 103 pesos en indemnizaciones. Por otra parte, cabe destacar que los pagos indemnizatorios llegaron en tiempo y forma, y a fines de mayo se cancelaron el total de las liquidaciones.<\/p>\n<p><strong>Hay tiempo de adherir al seguro y pagar la primera cuota hasta el 30 de agosto<\/strong>. Hasta ese d\u00eda tambi\u00e9n se podr\u00e1 realizar el <strong>pago anual con descuento de 10%<\/strong>. Los boletas para el pago se podr\u00e1n obtener en el sitio web de la Direcci\u00f3n de Agricultura y Contingencias Clim\u00e1ticas: <a href=\"http:\/\/www.contingencia.mendoza.gov.ar\/\">http:\/\/www.contingencia.mendoza.gov.ar\/<\/a> ,\u00a0o bien personalmente en sus delegaciones y centros receptores.<\/p>\n<p>El costo anual por hect\u00e1rea cultivada del nuevo seguro est\u00e1 diferenciado por zonas productivas y para los productores que poseen superficie cubierta con malla antigranizo, solamente pagan la componente de helada tard\u00eda Para mayor informaci\u00f3n, las personas interesadas deben dirigirse a las delegaciones de la DACC o los centros receptores.<\/p>\n<p><a href=\"http:\/\/vinasfm.com\/noticias\/wp-content\/uploads\/2019\/07\/facu-1.png\"><img loading=\"lazy\" decoding=\"async\" class=\"wp-image-55897 aligncenter\" src=\"http:\/\/vinasfm.com\/noticias\/wp-content\/uploads\/2019\/07\/facu-1-300x296.png\" alt=\"\" width=\"456\" height=\"450\" srcset=\"https:\/\/vinasfm.com\/noticias\/wp-content\/uploads\/2019\/07\/facu-1-300x296.png 300w, https:\/\/vinasfm.com\/noticias\/wp-content\/uploads\/2019\/07\/facu-1.png 379w\" sizes=\"auto, (max-width: 456px) 100vw, 456px\" \/><\/a><strong><em><a href=\"http:\/\/vinasfm.com\/noticias\/wp-content\/uploads\/2019\/07\/facu-2.png\"><img loading=\"lazy\" decoding=\"async\" class=\"wp-image-55898 aligncenter\" src=\"http:\/\/vinasfm.com\/noticias\/wp-content\/uploads\/2019\/07\/facu-2-300x206.png\" alt=\"\" width=\"528\" height=\"362\" srcset=\"https:\/\/vinasfm.com\/noticias\/wp-content\/uploads\/2019\/07\/facu-2-300x206.png 300w, https:\/\/vinasfm.com\/noticias\/wp-content\/uploads\/2019\/07\/facu-2.png 344w\" sizes=\"auto, (max-width: 528px) 100vw, 528px\" \/><\/a><\/em><\/strong><\/p>\n<h5><em><strong>A.C.<\/strong><\/em><\/h5>\n<p>&nbsp;<\/p>\n","protected":false},"excerpt":{"rendered":"<p>Se trata de la tercera campa\u00f1a en la que la prestaci\u00f3n estar\u00e1 a cargo de un grupo de aseguradoras contratadas por &#8230;<\/p>\n","protected":false},"author":7,"featured_media":50227,"comment_status":"open","ping_status":"open","sticky":false,"template":"","format":"standard","meta":{"footnotes":""},"categories":[1],"tags":[],"class_list":["post-55894","post","type-post","status-publish","format-standard","has-post-thumbnail","hentry","category-fmvinas"],"_links":{"self":[{"href":"https:\/\/vinasfm.com\/noticias\/wp-json\/wp\/v2\/posts\/55894","targetHints":{"allow":["GET"]}}],"collection":[{"href":"https:\/\/vinasfm.com\/noticias\/wp-json\/wp\/v2\/posts"}],"about":[{"href":"https:\/\/vinasfm.com\/noticias\/wp-json\/wp\/v2\/types\/post"}],"author":[{"embeddable":true,"href":"https:\/\/vinasfm.com\/noticias\/wp-json\/wp\/v2\/users\/7"}],"replies":[{"embeddable":true,"href":"https:\/\/vinasfm.com\/noticias\/wp-json\/wp\/v2\/comments?post=55894"}],"version-history":[{"count":1,"href":"https:\/\/vinasfm.com\/noticias\/wp-json\/wp\/v2\/posts\/55894\/revisions"}],"predecessor-version":[{"id":55900,"href":"https:\/\/vinasfm.com\/noticias\/wp-json\/wp\/v2\/posts\/55894\/revisions\/55900"}],"wp:featuredmedia":[{"embeddable":true,"href":"https:\/\/vinasfm.com\/noticias\/wp-json\/wp\/v2\/media\/50227"}],"wp:attachment":[{"href":"https:\/\/vinasfm.com\/noticias\/wp-json\/wp\/v2\/media?parent=55894"}],"wp:term":[{"taxonomy":"category","embeddable":true,"href":"https:\/\/vinasfm.com\/noticias\/wp-json\/wp\/v2\/categories?post=55894"},{"taxonomy":"post_tag","embeddable":true,"href":"https:\/\/vinasfm.com\/noticias\/wp-json\/wp\/v2\/tags?post=55894"}],"curies":[{"name":"wp","href":"https:\/\/api.w.org\/{rel}","templated":true}]}}