{"id":55887,"date":"2019-07-26T08:00:58","date_gmt":"2019-07-26T11:00:58","guid":{"rendered":"http:\/\/vinasfm.com\/noticias\/?p=55887"},"modified":"2019-07-26T08:29:10","modified_gmt":"2019-07-26T11:29:10","slug":"aeropuerto-de-cargas-los-ediles-justicialistas-ratificaron-el-pedido-de-informe-al-ejecutivo","status":"publish","type":"post","link":"https:\/\/vinasfm.com\/noticias\/aeropuerto-de-cargas-los-ediles-justicialistas-ratificaron-el-pedido-de-informe-al-ejecutivo\/","title":{"rendered":"AEROPUERTO DE CARGAS: LOS EDILES JUSTICIALISTAS RATIFICARON EL PEDIDO DE INFORME AL EJECUTIVO"},"content":{"rendered":"<h4><strong>El Bloque Justicialista pide al Intendente Municipal celeridad en los informes de Fiscal\u00eda de Estado para completar la documentaci\u00f3n del proyecto de construcci\u00f3n del Hub Log\u00edstico y Aeropuerto de Cargas.<\/strong><\/h4>\n<p><strong>Javier Garc\u00eda<\/strong>, concejal del <strong>Bloque PJ<\/strong>, dialog\u00f3 con <strong><em>F.M. Vi\u00f1as<\/em><\/strong> y le pidi\u00f3 al Ejecutivo mayor responsabilidad en la presentaci\u00f3n de la documentaci\u00f3n necesaria. \u201c<strong><em>Nuestro apoyo est\u00e1 si el proyecto es viable<\/em><\/strong><em>. Analizamos, como contralor del Ejecutivo, que hay algunas cosas que nosotros le pedimos y exigimos que imponga o las incluya dentro del pliego de licitaci\u00f3n y dentro de proyecto porque tienen que ver con la posibilidad de que la empresa no realice el proyecto y que este inmueble vuelva a manos municipales\u201d.<\/em><\/p>\n<p>El edil pide mayor rapidez para que el proyecto sea realizado y no se produzca una \u201c<strong><em>retrocesi\u00f3n de la operaci\u00f3n<\/em><\/strong>\u201d.<\/p>\n<p>Adem\u00e1s <strong>Garc\u00eda<\/strong> explic\u00f3: \u201c<em>El ejecutivo cuando recibe el inmueble en el a\u00f1o 1969 lo recibe con el cargo de construir en ese lugar un aeropuerto, lo que est\u00e1 haciendo ahora el ejecutivo es licitar la venta del inmueble pero tiene que tener el mismo destino: la concreci\u00f3n del aeropuerto. La pregunta es <\/em>\u00bf<strong><em>Si yo vendo el inmueble y este aeropuerto no se concreta c\u00f3mo se hace para que el inmueble se restituya al municipio<\/em><\/strong>? \u201d.<\/p>\n<p>En conclusi\u00f3n desde <strong>el Bloque PJ <\/strong>se <strong>pide coherencia en la manera de hacer las cosas<\/strong>.<\/p>\n<h5><em>R.B. (F.M. Vi\u00f1as).<\/em><\/h5>\n","protected":false},"excerpt":{"rendered":"<p>El Bloque Justicialista pide al Intendente Municipal celeridad en los informes de Fiscal\u00eda de Estado para completar la documentaci\u00f3n del proyecto &#8230;<\/p>\n","protected":false},"author":8,"featured_media":40341,"comment_status":"open","ping_status":"open","sticky":false,"template":"","format":"standard","meta":{"footnotes":""},"categories":[5,26],"tags":[],"class_list":["post-55887","post","type-post","status-publish","format-standard","has-post-thumbnail","hentry","category-actualidad","category-hcd"],"_links":{"self":[{"href":"https:\/\/vinasfm.com\/noticias\/wp-json\/wp\/v2\/posts\/55887","targetHints":{"allow":["GET"]}}],"collection":[{"href":"https:\/\/vinasfm.com\/noticias\/wp-json\/wp\/v2\/posts"}],"about":[{"href":"https:\/\/vinasfm.com\/noticias\/wp-json\/wp\/v2\/types\/post"}],"author":[{"embeddable":true,"href":"https:\/\/vinasfm.com\/noticias\/wp-json\/wp\/v2\/users\/8"}],"replies":[{"embeddable":true,"href":"https:\/\/vinasfm.com\/noticias\/wp-json\/wp\/v2\/comments?post=55887"}],"version-history":[{"count":1,"href":"https:\/\/vinasfm.com\/noticias\/wp-json\/wp\/v2\/posts\/55887\/revisions"}],"predecessor-version":[{"id":55888,"href":"https:\/\/vinasfm.com\/noticias\/wp-json\/wp\/v2\/posts\/55887\/revisions\/55888"}],"wp:featuredmedia":[{"embeddable":true,"href":"https:\/\/vinasfm.com\/noticias\/wp-json\/wp\/v2\/media\/40341"}],"wp:attachment":[{"href":"https:\/\/vinasfm.com\/noticias\/wp-json\/wp\/v2\/media?parent=55887"}],"wp:term":[{"taxonomy":"category","embeddable":true,"href":"https:\/\/vinasfm.com\/noticias\/wp-json\/wp\/v2\/categories?post=55887"},{"taxonomy":"post_tag","embeddable":true,"href":"https:\/\/vinasfm.com\/noticias\/wp-json\/wp\/v2\/tags?post=55887"}],"curies":[{"name":"wp","href":"https:\/\/api.w.org\/{rel}","templated":true}]}}