{"id":55649,"date":"2019-07-20T11:23:06","date_gmt":"2019-07-20T14:23:06","guid":{"rendered":"http:\/\/vinasfm.com\/noticias\/?p=55649"},"modified":"2019-07-20T11:27:42","modified_gmt":"2019-07-20T14:27:42","slug":"robaron-carpas-y-un-mezclador-de-audio-en-la-sede-scout-san-jose","status":"publish","type":"post","link":"https:\/\/vinasfm.com\/noticias\/robaron-carpas-y-un-mezclador-de-audio-en-la-sede-scout-san-jose\/","title":{"rendered":"ROBARON CARPAS Y UN MEZCLADOR DE AUDIO EN LA SEDE SCOUT \u00abSAN JOS\u00c9\u00bb"},"content":{"rendered":"<h4><strong>Del interior de la Sede Scout \u00abSan Jos\u00e9\u00bb ubicada en la intersecci\u00f3n de calles Agust\u00edn \u00c1lvarez y Paso de Los Andes robaron elementos de valor en horas de la noche de este viernes.<\/strong><\/h4>\n<p>Seg\u00fan inform\u00f3 la <strong>Oficina de Prensa de la Distrital II<\/strong>, el il\u00edcito se registr\u00f3 alrededor de las <strong>23:40h de este viernes<\/strong> \u00a0cuando se constat\u00f3 que del interior del lugar, <strong>previo forzar la puerta de ingreso<\/strong>, autores ignorados <em><strong>sustrajeron 5 carpas marca Nolan<\/strong><\/em>, <em><strong>4 carpas<\/strong><\/em> (no se especific\u00f3 marca) y <em><strong>1 mezclador de audio<\/strong><\/em>.<\/p>\n<p>En el lugar del delito trabaj\u00f3 <strong>personal de Comisar\u00eda 14\u00b0<\/strong> y <strong>Polic\u00eda Cient\u00edfica<\/strong> bajo instrucci\u00f3n de la Oficina Fiscal de General Alvear.<\/p>\n<p>La causa contin\u00faa su investigaci\u00f3n caratulada en \u201c<em><strong>Averiguaci\u00f3n robo<\/strong><\/em>\u201d.<\/p>\n<h5><em>F.B. (F.M. Vi\u00f1as).<\/em><\/h5>\n","protected":false},"excerpt":{"rendered":"<p>Del interior de la Sede Scout \u00abSan Jos\u00e9\u00bb ubicada en la intersecci\u00f3n de calles Agust\u00edn \u00c1lvarez y Paso de Los Andes &#8230;<\/p>\n","protected":false},"author":8,"featured_media":55657,"comment_status":"open","ping_status":"open","sticky":false,"template":"","format":"standard","meta":{"footnotes":""},"categories":[5,4],"tags":[],"class_list":["post-55649","post","type-post","status-publish","format-standard","has-post-thumbnail","hentry","category-actualidad","category-policiales"],"_links":{"self":[{"href":"https:\/\/vinasfm.com\/noticias\/wp-json\/wp\/v2\/posts\/55649","targetHints":{"allow":["GET"]}}],"collection":[{"href":"https:\/\/vinasfm.com\/noticias\/wp-json\/wp\/v2\/posts"}],"about":[{"href":"https:\/\/vinasfm.com\/noticias\/wp-json\/wp\/v2\/types\/post"}],"author":[{"embeddable":true,"href":"https:\/\/vinasfm.com\/noticias\/wp-json\/wp\/v2\/users\/8"}],"replies":[{"embeddable":true,"href":"https:\/\/vinasfm.com\/noticias\/wp-json\/wp\/v2\/comments?post=55649"}],"version-history":[{"count":1,"href":"https:\/\/vinasfm.com\/noticias\/wp-json\/wp\/v2\/posts\/55649\/revisions"}],"predecessor-version":[{"id":55662,"href":"https:\/\/vinasfm.com\/noticias\/wp-json\/wp\/v2\/posts\/55649\/revisions\/55662"}],"wp:featuredmedia":[{"embeddable":true,"href":"https:\/\/vinasfm.com\/noticias\/wp-json\/wp\/v2\/media\/55657"}],"wp:attachment":[{"href":"https:\/\/vinasfm.com\/noticias\/wp-json\/wp\/v2\/media?parent=55649"}],"wp:term":[{"taxonomy":"category","embeddable":true,"href":"https:\/\/vinasfm.com\/noticias\/wp-json\/wp\/v2\/categories?post=55649"},{"taxonomy":"post_tag","embeddable":true,"href":"https:\/\/vinasfm.com\/noticias\/wp-json\/wp\/v2\/tags?post=55649"}],"curies":[{"name":"wp","href":"https:\/\/api.w.org\/{rel}","templated":true}]}}