{"id":55625,"date":"2019-07-20T03:41:49","date_gmt":"2019-07-20T06:41:49","guid":{"rendered":"http:\/\/vinasfm.com\/noticias\/?p=55625"},"modified":"2019-07-20T11:04:00","modified_gmt":"2019-07-20T14:04:00","slug":"mas-asfalto-y-una-hidrogrua-mas-calidad-de-vida-para-los-alvearenses","status":"publish","type":"post","link":"https:\/\/vinasfm.com\/noticias\/mas-asfalto-y-una-hidrogrua-mas-calidad-de-vida-para-los-alvearenses\/","title":{"rendered":"M\u00c1S ASFALTO Y UNA HIDROGR\u00daA, M\u00c1S CALIDAD DE VIDA PARA LOS ALVEARENSES"},"content":{"rendered":"<h4><strong>El Intendente Walther Marcolini junto a funcionarios y vecinos del barrio, inauguraron la nueva obra de asfalto de calle Echeverr\u00eda. Una obra realizada en conjunto con la Direcci\u00f3n Provincial de Vialidad.<\/strong><\/h4>\n<p>Las obras de asfalto tienen un gran impacto para nuestro departamento ya que no solo genera mano de obra sino que tambi\u00e9n les brinda mayor calidad de vida a los vecinos: \u201c<em>Este barrio tiene muchos a\u00f1os y hay muchos problemas de vulnerabilidad social, este era un reclamo de muchos a\u00f1os que los vecinos hac\u00edan llegar pero adem\u00e1s siempre tuve el compromiso por tener un profundo conocimiento del lugar, de hacer el asfalto y traer mayor calidad de vida<\/em>\u201d manifest\u00f3 el <strong>intendente Walther Marcolini<\/strong> a\u00f1adiendo que <strong>este tramo es una vinculaci\u00f3n estrat\u00e9gica entre la Ruta 188 y la Diagonal Pellegrini<\/strong>.<\/p>\n<p><strong>Esta obra deja a la Comuna en una \u00f3ptima posici\u00f3n para pensar en el asfaltado de la calle Falccinelli<\/strong>, \u201c<em>All\u00ed se hizo una intervenci\u00f3n muy grande para resolver problemas de infraestructura e hidr\u00e1ulica, pero queda pendiente el asfalto<\/em>\u201d dijo el <strong>intendente<\/strong>.<\/p>\n<p>Se ha llevado a cabo una impresionante tarea de asfaltado en todo el departamento, desde Ciudad hasta los distritos, una <strong>labor que se ha desarrollado en conjunto con Vialidad Provincial<\/strong>, en ese sentido el <strong>Consejero de Vialidad Zona Sur Leonardo Vi\u00f1olo<\/strong> expres\u00f3: \u201c<em>Esto impacta en la conectividad de la Ruta 188 y Diagonal Carlos Pellegrini, hay que resaltar que los vecinos del lugar reclaman desde hace ochenta a\u00f1os el asfaltados que les de\u00a0 m\u00e1s calidad de vida, y en una labor conjunta hoy pudimos concretar ese sue\u00f1o<\/em>\u201d<\/p>\n<p><strong>Esta es una obra de 1250 metros con una carpeta asf\u00e1ltica de 5 cm de espesor y un ancho de siete metros que brinda las condiciones para que los vecinos del lugar ya no tengan que sufrir el barro que se generaba durante las lluvias<\/strong>, pero tambi\u00e9n <strong>ofrece la posibilidad de comenzar a pensar en otras obras como ciclov\u00edas y lugares para practicar deportes<\/strong>.<\/p>\n<p>En esta zona <strong>se trabajar\u00e1 en conjunto con la cooperativa el\u00e9ctrica Cecsagal para realizar la extensi\u00f3n de la red el\u00e9ctrica<\/strong>, lo que representa unos <strong>300 metros<\/strong> y que <strong>posibilitar\u00e1 contar con alumbrado p\u00fablico desde la Ruta 188 hasta Diagonal Carlos Pellegrini<\/strong>.<\/p>\n<p>Durante el acto, que estuvo animado con m\u00fasica y la gran participaci\u00f3n de los vecinos, felices por esta gran obra, se present\u00f3 una nueva hidrog\u00faa que viene a completar el equipamiento de la Municipalidad: \u201c<em>Esto nos permitir\u00e1 llegar a las luminarias que se encuentran en las rutas nacionales que son mucho m\u00e1s altas, y las necesitamos para realizar el remplazo de luminarias, es un cami\u00f3n equipado especialmente para que trabaje el personal de electrotecnia<\/em>\u201d dijo el <strong>intendente Walther Marcolini<\/strong>. La inversi\u00f3n realizada para la compra de este veh\u00edculo totalmente fue de dos millones y medio de pesos que se ver\u00e1 amortizado por las labores que prestar\u00e1 a los vecinos y las mejores condiciones de trabajo del personal municipal.<\/p>\n<p><em>F.B. (F.M. Vi\u00f1as).<\/em><\/p>\n","protected":false},"excerpt":{"rendered":"<p>El Intendente Walther Marcolini junto a funcionarios y vecinos del barrio, inauguraron la nueva obra de asfalto de calle Echeverr\u00eda. Una &#8230;<\/p>\n","protected":false},"author":8,"featured_media":55626,"comment_status":"open","ping_status":"open","sticky":false,"template":"","format":"standard","meta":{"footnotes":""},"categories":[1],"tags":[],"class_list":["post-55625","post","type-post","status-publish","format-standard","has-post-thumbnail","hentry","category-fmvinas"],"_links":{"self":[{"href":"https:\/\/vinasfm.com\/noticias\/wp-json\/wp\/v2\/posts\/55625","targetHints":{"allow":["GET"]}}],"collection":[{"href":"https:\/\/vinasfm.com\/noticias\/wp-json\/wp\/v2\/posts"}],"about":[{"href":"https:\/\/vinasfm.com\/noticias\/wp-json\/wp\/v2\/types\/post"}],"author":[{"embeddable":true,"href":"https:\/\/vinasfm.com\/noticias\/wp-json\/wp\/v2\/users\/8"}],"replies":[{"embeddable":true,"href":"https:\/\/vinasfm.com\/noticias\/wp-json\/wp\/v2\/comments?post=55625"}],"version-history":[{"count":2,"href":"https:\/\/vinasfm.com\/noticias\/wp-json\/wp\/v2\/posts\/55625\/revisions"}],"predecessor-version":[{"id":55654,"href":"https:\/\/vinasfm.com\/noticias\/wp-json\/wp\/v2\/posts\/55625\/revisions\/55654"}],"wp:featuredmedia":[{"embeddable":true,"href":"https:\/\/vinasfm.com\/noticias\/wp-json\/wp\/v2\/media\/55626"}],"wp:attachment":[{"href":"https:\/\/vinasfm.com\/noticias\/wp-json\/wp\/v2\/media?parent=55625"}],"wp:term":[{"taxonomy":"category","embeddable":true,"href":"https:\/\/vinasfm.com\/noticias\/wp-json\/wp\/v2\/categories?post=55625"},{"taxonomy":"post_tag","embeddable":true,"href":"https:\/\/vinasfm.com\/noticias\/wp-json\/wp\/v2\/tags?post=55625"}],"curies":[{"name":"wp","href":"https:\/\/api.w.org\/{rel}","templated":true}]}}