{"id":55622,"date":"2019-07-20T08:05:12","date_gmt":"2019-07-20T11:05:12","guid":{"rendered":"http:\/\/vinasfm.com\/noticias\/?p=55622"},"modified":"2019-07-20T11:01:41","modified_gmt":"2019-07-20T14:01:41","slug":"el-programa-garrafa-a-precio-subsidiado-llega-cada-vez-a-mas-alvearenses","status":"publish","type":"post","link":"https:\/\/vinasfm.com\/noticias\/el-programa-garrafa-a-precio-subsidiado-llega-cada-vez-a-mas-alvearenses\/","title":{"rendered":"EL PROGRAMA GARRAFA A PRECIO SUBSIDIADO LLEGA CADA VEZ A M\u00c1S ALVEARENSES"},"content":{"rendered":"<h4><strong>El Programa de Garrafa Subsidiada en General Alvear se mantuvo ininterrumpido desde junio de 2018 a\u00fan en el periodo de verano subsidiado por el municipio, siendo el \u00fanico Departamento mendocino que lo hizo y durante los meses de invierno de 2.019, que es cuando m\u00e1s se necesita, recibe aportes de la Provincia.<\/strong><\/h4>\n<p>El a\u00f1o pasado <strong>se vendieron alrededor de ocho mil garrafas<\/strong>, <strong>en lo que va de 2.019 asciende<\/strong> a <strong>cerca de 11.600 dentro del programa<\/strong>, que por sus caracter\u00edsticas sigue llegando a los vecinos y solucionando muchos de los problemas que tienen.<\/p>\n<p>\u201c<em>Es para destacar que el Intendente Walther Marcolini decidi\u00f3 flexibilizar este programa, de manera tal que se han ido agregando puntos de venta, seg\u00fan lo han solicitado los vecinos<\/em>\u201d, se\u00f1al\u00f3 el <strong>Director de Desarrollo Social Pablo Reyes<\/strong>.<\/p>\n<p>El pasado mi\u00e9rcoles 17 de julio fueron beneficiados los vecinos de <strong>Alvear Oes<\/strong>te, por lo que en conferencia de prensa su <strong>Delegado Mariano Varela<\/strong> reconoci\u00f3 la concurrencia y el subsidio por parte del Estado de alrededor de un 50%. El pr\u00f3ximo <strong>lunes\u00a022 de julio el cami\u00f3n estar\u00e1 a las 9:00h en El Ceibo <\/strong>y a las <strong>10:45h en el Barrio Zangrandi<\/strong>.\u00a0Los requisitos son los mismos, <strong>los vecinos deben acercarse con DNI<\/strong>, <strong>envase vac\u00edo <\/strong>y <strong>$270<\/strong>.<\/p>\n<p><strong>Este importante programa permite que muchas familias del Departamento puedan acceder a las garrafas subsidiadas, ya sea en los distritos como en los barrios de Alvear<\/strong>. <strong>El gas envasado es el m\u00e1s caro<\/strong> y el que utiliza gran parte de la poblaci\u00f3n, las familias m\u00e1s humildes y aquellas que no pueden conectarse a la red.<\/p>\n<h5><em>F.B. (F.M. Vi\u00f1as).<\/em><\/h5>\n","protected":false},"excerpt":{"rendered":"<p>El Programa de Garrafa Subsidiada en General Alvear se mantuvo ininterrumpido desde junio de 2018 a\u00fan en el periodo de verano &#8230;<\/p>\n","protected":false},"author":8,"featured_media":55623,"comment_status":"open","ping_status":"open","sticky":false,"template":"","format":"standard","meta":{"footnotes":""},"categories":[5,11],"tags":[],"class_list":["post-55622","post","type-post","status-publish","format-standard","has-post-thumbnail","hentry","category-actualidad","category-sociales"],"_links":{"self":[{"href":"https:\/\/vinasfm.com\/noticias\/wp-json\/wp\/v2\/posts\/55622","targetHints":{"allow":["GET"]}}],"collection":[{"href":"https:\/\/vinasfm.com\/noticias\/wp-json\/wp\/v2\/posts"}],"about":[{"href":"https:\/\/vinasfm.com\/noticias\/wp-json\/wp\/v2\/types\/post"}],"author":[{"embeddable":true,"href":"https:\/\/vinasfm.com\/noticias\/wp-json\/wp\/v2\/users\/8"}],"replies":[{"embeddable":true,"href":"https:\/\/vinasfm.com\/noticias\/wp-json\/wp\/v2\/comments?post=55622"}],"version-history":[{"count":2,"href":"https:\/\/vinasfm.com\/noticias\/wp-json\/wp\/v2\/posts\/55622\/revisions"}],"predecessor-version":[{"id":55653,"href":"https:\/\/vinasfm.com\/noticias\/wp-json\/wp\/v2\/posts\/55622\/revisions\/55653"}],"wp:featuredmedia":[{"embeddable":true,"href":"https:\/\/vinasfm.com\/noticias\/wp-json\/wp\/v2\/media\/55623"}],"wp:attachment":[{"href":"https:\/\/vinasfm.com\/noticias\/wp-json\/wp\/v2\/media?parent=55622"}],"wp:term":[{"taxonomy":"category","embeddable":true,"href":"https:\/\/vinasfm.com\/noticias\/wp-json\/wp\/v2\/categories?post=55622"},{"taxonomy":"post_tag","embeddable":true,"href":"https:\/\/vinasfm.com\/noticias\/wp-json\/wp\/v2\/tags?post=55622"}],"curies":[{"name":"wp","href":"https:\/\/api.w.org\/{rel}","templated":true}]}}