{"id":55608,"date":"2019-07-19T10:05:01","date_gmt":"2019-07-19T13:05:01","guid":{"rendered":"http:\/\/vinasfm.com\/noticias\/?p=55608"},"modified":"2019-07-19T10:05:01","modified_gmt":"2019-07-19T13:05:01","slug":"la-inseguridad-no-da-tregua-dos-malvivientes-robaron-una-bicicleta-del-interior-de-una-vivienda","status":"publish","type":"post","link":"https:\/\/vinasfm.com\/noticias\/la-inseguridad-no-da-tregua-dos-malvivientes-robaron-una-bicicleta-del-interior-de-una-vivienda\/","title":{"rendered":"LA INSEGURIDAD NO DA TREGUA: DOS MALVIVIENTES ROBARON UNA BICICLETA DEL INTERIOR DE UNA VIVIENDA"},"content":{"rendered":"<h4><strong>En horas de la madrugada de este viernes se registr\u00f3 el robo una bicicleta del interior de una vivienda ubicada en Prolongaci\u00f3n 9 de julio.<\/strong><\/h4>\n<p>Seg\u00fan relat\u00f3 la v\u00edctima a <strong><em>F.M. Vi\u00f1as<\/em><\/strong>, una mujer de 33 a\u00f1os, <strong>el il\u00edcito se produjo cerca de la 01:45h<\/strong>. El rodado, una <strong>bicicleta marca Vairo tipo Todo Terreno<\/strong>, fue sustra\u00eddo por <strong>dos delincuentes<\/strong> del interior del patio de la propiedad.<\/p>\n<p>\u201c<em>Uno de ellos era delgado, de 1, 70m, tez blanca, pelo claro, vestido con jean cl\u00e1sico, chaleco y zapatillas color blanco<\/em>\u201d, precis\u00f3 la damnificada respecto a los rasgos de uno de los autores del robo.<\/p>\n<p><strong>Personal policial<\/strong> se desplaz\u00f3 hasta el domicilio r\u00e1pidamente tras ser alertados al 911 y <strong>realiz\u00f3 un rastrillaje por la zona pero con resultado negativo<\/strong>.<\/p>\n<p>El hecho fue judicializado y contin\u00faa su proceso de investigaci\u00f3n.<\/p>\n<h5><em>F.B. (F.M. Vi\u00f1as).<\/em><\/h5>\n","protected":false},"excerpt":{"rendered":"<p>En horas de la madrugada de este viernes se registr\u00f3 el robo una bicicleta del interior de una vivienda ubicada en &#8230;<\/p>\n","protected":false},"author":8,"featured_media":55609,"comment_status":"open","ping_status":"open","sticky":false,"template":"","format":"standard","meta":{"footnotes":""},"categories":[5,4],"tags":[],"class_list":["post-55608","post","type-post","status-publish","format-standard","has-post-thumbnail","hentry","category-actualidad","category-policiales"],"_links":{"self":[{"href":"https:\/\/vinasfm.com\/noticias\/wp-json\/wp\/v2\/posts\/55608","targetHints":{"allow":["GET"]}}],"collection":[{"href":"https:\/\/vinasfm.com\/noticias\/wp-json\/wp\/v2\/posts"}],"about":[{"href":"https:\/\/vinasfm.com\/noticias\/wp-json\/wp\/v2\/types\/post"}],"author":[{"embeddable":true,"href":"https:\/\/vinasfm.com\/noticias\/wp-json\/wp\/v2\/users\/8"}],"replies":[{"embeddable":true,"href":"https:\/\/vinasfm.com\/noticias\/wp-json\/wp\/v2\/comments?post=55608"}],"version-history":[{"count":1,"href":"https:\/\/vinasfm.com\/noticias\/wp-json\/wp\/v2\/posts\/55608\/revisions"}],"predecessor-version":[{"id":55612,"href":"https:\/\/vinasfm.com\/noticias\/wp-json\/wp\/v2\/posts\/55608\/revisions\/55612"}],"wp:featuredmedia":[{"embeddable":true,"href":"https:\/\/vinasfm.com\/noticias\/wp-json\/wp\/v2\/media\/55609"}],"wp:attachment":[{"href":"https:\/\/vinasfm.com\/noticias\/wp-json\/wp\/v2\/media?parent=55608"}],"wp:term":[{"taxonomy":"category","embeddable":true,"href":"https:\/\/vinasfm.com\/noticias\/wp-json\/wp\/v2\/categories?post=55608"},{"taxonomy":"post_tag","embeddable":true,"href":"https:\/\/vinasfm.com\/noticias\/wp-json\/wp\/v2\/tags?post=55608"}],"curies":[{"name":"wp","href":"https:\/\/api.w.org\/{rel}","templated":true}]}}