{"id":55593,"date":"2019-07-19T11:06:20","date_gmt":"2019-07-19T14:06:20","guid":{"rendered":"http:\/\/vinasfm.com\/noticias\/?p=55593"},"modified":"2019-07-20T09:38:32","modified_gmt":"2019-07-20T12:38:32","slug":"por-tercera-vez-se-rompio-el-cano-maestro-que-provee-agua-a-un-importante-sector-de-ciudad-prudencia-o-negligencia","status":"publish","type":"post","link":"https:\/\/vinasfm.com\/noticias\/por-tercera-vez-se-rompio-el-cano-maestro-que-provee-agua-a-un-importante-sector-de-ciudad-prudencia-o-negligencia\/","title":{"rendered":"POR TERCERA VEZ SE ROMPI\u00d3 EL CA\u00d1O MAESTRO QUE PROVEE AGUA A UN IMPORTANTE SECTOR DE CIUDAD \u00bfPRUDENCIA O NEGLIGENCIA?"},"content":{"rendered":"<h4><strong>Por tercera vez se cort\u00f3 el agua en gran parte de Ciudad por la rotura de un ca\u00f1o maestro, en el marco de las obras del Plan H\u00e1bitat. Otra vez, el responsable fue AYSAM.<\/strong><\/h4>\n<h5><strong>\u00bfPrudencia o negligencia?<\/strong><\/h5>\n<p>Seg\u00fan detallaron desde la empresa la rotura se produjo sobre calle Uspallata al 2843. La zona privada del servicio corresponde al noroeste de ciudad, B\u00b0 Los Ranqueles, Costa del Atuel, Isla Gorostiague, Smata, CEC y Calle Uspallata.<\/p>\n<p><strong>Se tratar\u00eda del mismo ca\u00f1o que hab\u00eda sido da\u00f1ado en las dos ocasiones anteriores.<\/strong><\/p>\n<p>El corte comenz\u00f3 en las primeras horas de la tarde del jueves prolong\u00e1ndose incluso hasta esta ma\u00f1ana.<\/p>\n<p>Cientos de vecinos manifestaron su malestar por la situaci\u00f3n.<\/p>\n<p><a href=\"http:\/\/vinasfm.com\/noticias\/wp-content\/uploads\/2019\/07\/WhatsApp-Image-2019-07-18-at-21.16.12.jpeg\"><img loading=\"lazy\" decoding=\"async\" class=\"wp-image-55600 aligncenter\" src=\"http:\/\/vinasfm.com\/noticias\/wp-content\/uploads\/2019\/07\/WhatsApp-Image-2019-07-18-at-21.16.12-169x300.jpeg\" alt=\"\" width=\"622\" height=\"1104\" \/><\/a><\/p>\n<h5>De acuerdo al \u00faltimo comunicado de la empresa \u00ab<em>El servicio de agua en General Alvear se encuentra normalizado. Hubo un corte programado desde las 17:00h de ayer jueves 18 de julio, que se prolong\u00f3 hasta las 8:00h de hoy. Se efectu\u00f3 un recambio de 43m de ca\u00f1o de asbesto en riesgo de 300mm a ca\u00f1o de PVC de 355mm para prevenci\u00f3n de roturas. Sepan disculpar las molestias. Muchas gracias\u00bb<\/em>.<\/h5>\n<h5><em><strong>A.C.<\/strong><\/em><\/h5>\n","protected":false},"excerpt":{"rendered":"<p>Por tercera vez se cort\u00f3 el agua en gran parte de Ciudad por la rotura de un ca\u00f1o maestro, en el &#8230;<\/p>\n","protected":false},"author":7,"featured_media":55599,"comment_status":"open","ping_status":"open","sticky":false,"template":"","format":"standard","meta":{"footnotes":""},"categories":[5],"tags":[],"class_list":["post-55593","post","type-post","status-publish","format-standard","has-post-thumbnail","hentry","category-actualidad"],"_links":{"self":[{"href":"https:\/\/vinasfm.com\/noticias\/wp-json\/wp\/v2\/posts\/55593","targetHints":{"allow":["GET"]}}],"collection":[{"href":"https:\/\/vinasfm.com\/noticias\/wp-json\/wp\/v2\/posts"}],"about":[{"href":"https:\/\/vinasfm.com\/noticias\/wp-json\/wp\/v2\/types\/post"}],"author":[{"embeddable":true,"href":"https:\/\/vinasfm.com\/noticias\/wp-json\/wp\/v2\/users\/7"}],"replies":[{"embeddable":true,"href":"https:\/\/vinasfm.com\/noticias\/wp-json\/wp\/v2\/comments?post=55593"}],"version-history":[{"count":2,"href":"https:\/\/vinasfm.com\/noticias\/wp-json\/wp\/v2\/posts\/55593\/revisions"}],"predecessor-version":[{"id":55605,"href":"https:\/\/vinasfm.com\/noticias\/wp-json\/wp\/v2\/posts\/55593\/revisions\/55605"}],"wp:featuredmedia":[{"embeddable":true,"href":"https:\/\/vinasfm.com\/noticias\/wp-json\/wp\/v2\/media\/55599"}],"wp:attachment":[{"href":"https:\/\/vinasfm.com\/noticias\/wp-json\/wp\/v2\/media?parent=55593"}],"wp:term":[{"taxonomy":"category","embeddable":true,"href":"https:\/\/vinasfm.com\/noticias\/wp-json\/wp\/v2\/categories?post=55593"},{"taxonomy":"post_tag","embeddable":true,"href":"https:\/\/vinasfm.com\/noticias\/wp-json\/wp\/v2\/tags?post=55593"}],"curies":[{"name":"wp","href":"https:\/\/api.w.org\/{rel}","templated":true}]}}