{"id":55578,"date":"2019-07-19T00:05:44","date_gmt":"2019-07-19T03:05:44","guid":{"rendered":"http:\/\/vinasfm.com\/noticias\/?p=55578"},"modified":"2019-07-19T09:36:34","modified_gmt":"2019-07-19T12:36:34","slug":"el-plan-forestal-avanza-en-el-aeroclub","status":"publish","type":"post","link":"https:\/\/vinasfm.com\/noticias\/el-plan-forestal-avanza-en-el-aeroclub\/","title":{"rendered":"EL PLAN FORESTAL AVANZA EN EL AEROCLUB"},"content":{"rendered":"<h4><strong>En el marco del Programa de Forestaci\u00f3n en zon\u00e1s \u00e1ridas que la Municipalidad de General Alvear est\u00e1 trabajando desde la Direcci\u00f3n de Gesti\u00f3n Ambiental junto a Cospac, Vialidad y Municipio Saludable, se desarroll\u00f3 un proceso de forestaci\u00f3n en el Aeroclub en el cual participaron miembros de la Comisi\u00f3n Directiva de la instituci\u00f3n y el grupo de j\u00f3venes EcoAmigos.<\/strong><\/h4>\n<p>Este jueves se realiz\u00f3 una nueva acci\u00f3n tendiente al cuidado del medio ambiente, en el <strong>Aeroclub<\/strong> de nuestro departamento se implement\u00f3 el Programa de Forestaci\u00f3n en zonas \u00e1ridas, el <strong>Director de Gesti\u00f3n Ambiental Carlos P\u00eda<\/strong> dijo: \u00ab<em>El a\u00f1o pasado Irrigaci\u00f3n limpi\u00f3 la bajada al r\u00edo y este a\u00f1o Vialidad prepar\u00f3 el espacio para esta forestaci\u00f3n. Estamos colocando Cinacina, que necesita poco mantenimiento, tiene poco consumo de agua y si bien no es aut\u00f3ctona del departamento es una especie que se adapta muy bien, tiene un crecimiento r\u00e1pido y cumple con los requerimientos que buscamos de estas forestaciones<\/em>\u00ab.<\/p>\n<p><strong>Las tareas de forestaci\u00f3n son acompa\u00f1adas de un proceso de mantenimiento<\/strong>, es el caso de los trabajos que se est\u00e1n llevando a cabo en <strong>Costa del Atuel<\/strong> y en <strong>Calle L<\/strong>, donde el a\u00f1o pasado se forest\u00f3 y actualmente se est\u00e1 podando, se est\u00e1n arreglando los tutores y otras labores, \u00ab<em>Es un trabajo sistem\u00e1tico y requiere constancia<\/em>\u00bb dijo <strong>P\u00eda<\/strong>.<\/p>\n<p>Aquellas instituciones que quieran sumarse a la forestaci\u00f3n pueden acercarse a la Direcci\u00f3n de Gesti\u00f3n Ambiental o bien a <strong>Cospac<\/strong>, ya que <strong>el objetivo es realizar la mayor cantidad de forestaciones posible, tal como reza el primer objetivo de la Red Argentina de Municipios Frente al Cambio Clim\u00e1tico<\/strong>, de la cual Alvear forma parte, \u00ab<strong><em>El primer objetivo para este a\u00f1o tiene que ver con la reducci\u00f3n de la mitigaci\u00f3n de gases invernadero y para eso hay que forestar<\/em><\/strong>\u00bb concluy\u00f3 <strong>Carlos P\u00eda<\/strong>.<\/p>\n<p><strong>Jos\u00e9 Garc\u00eda<\/strong>, en representaci\u00f3n de <strong>Cospac<\/strong>, expres\u00f3: \u00ab<em>Este era un pedido realizado por el Aeroclub y ayuda a que el lugar se embellezca pero tambi\u00e9n para el cuidado del medio ambiente, esperemos que esto contin\u00fae en el tiempo\u00bb.<\/em><\/p>\n<p><strong><em>F.B. (F.M. Vi\u00f1as).<\/em><\/strong><\/p>\n","protected":false},"excerpt":{"rendered":"<p>En el marco del Programa de Forestaci\u00f3n en zon\u00e1s \u00e1ridas que la Municipalidad de General Alvear est\u00e1 trabajando desde la Direcci\u00f3n &#8230;<\/p>\n","protected":false},"author":8,"featured_media":55579,"comment_status":"open","ping_status":"open","sticky":false,"template":"","format":"standard","meta":{"footnotes":""},"categories":[1],"tags":[],"class_list":["post-55578","post","type-post","status-publish","format-standard","has-post-thumbnail","hentry","category-fmvinas"],"_links":{"self":[{"href":"https:\/\/vinasfm.com\/noticias\/wp-json\/wp\/v2\/posts\/55578","targetHints":{"allow":["GET"]}}],"collection":[{"href":"https:\/\/vinasfm.com\/noticias\/wp-json\/wp\/v2\/posts"}],"about":[{"href":"https:\/\/vinasfm.com\/noticias\/wp-json\/wp\/v2\/types\/post"}],"author":[{"embeddable":true,"href":"https:\/\/vinasfm.com\/noticias\/wp-json\/wp\/v2\/users\/8"}],"replies":[{"embeddable":true,"href":"https:\/\/vinasfm.com\/noticias\/wp-json\/wp\/v2\/comments?post=55578"}],"version-history":[{"count":2,"href":"https:\/\/vinasfm.com\/noticias\/wp-json\/wp\/v2\/posts\/55578\/revisions"}],"predecessor-version":[{"id":55582,"href":"https:\/\/vinasfm.com\/noticias\/wp-json\/wp\/v2\/posts\/55578\/revisions\/55582"}],"wp:featuredmedia":[{"embeddable":true,"href":"https:\/\/vinasfm.com\/noticias\/wp-json\/wp\/v2\/media\/55579"}],"wp:attachment":[{"href":"https:\/\/vinasfm.com\/noticias\/wp-json\/wp\/v2\/media?parent=55578"}],"wp:term":[{"taxonomy":"category","embeddable":true,"href":"https:\/\/vinasfm.com\/noticias\/wp-json\/wp\/v2\/categories?post=55578"},{"taxonomy":"post_tag","embeddable":true,"href":"https:\/\/vinasfm.com\/noticias\/wp-json\/wp\/v2\/tags?post=55578"}],"curies":[{"name":"wp","href":"https:\/\/api.w.org\/{rel}","templated":true}]}}