{"id":55515,"date":"2019-07-18T09:30:20","date_gmt":"2019-07-18T12:30:20","guid":{"rendered":"http:\/\/vinasfm.com\/noticias\/?p=55515"},"modified":"2019-07-19T09:34:10","modified_gmt":"2019-07-19T12:34:10","slug":"las-obras-del-juzgado-vial-y-policia-municipal-cerca-de-ser-finalizadas","status":"publish","type":"post","link":"https:\/\/vinasfm.com\/noticias\/las-obras-del-juzgado-vial-y-policia-municipal-cerca-de-ser-finalizadas\/","title":{"rendered":"LAS OBRAS DEL JUZGADO VIAL Y POLIC\u00cdA MUNICIPAL CERCA DE SER FINALIZADAS"},"content":{"rendered":"<h4><strong>En la ex f\u00e1brica Spat, se est\u00e1 culminando la obra del Juzgado Vial, con sus correspondientes fiscal\u00edas. \u00a0All\u00ed tambi\u00e9n funcionar\u00e1 la polic\u00eda Cient\u00edfica.<\/strong><\/h4>\n<p><a href=\"http:\/\/vinasfm.com\/noticias\/wp-content\/uploads\/2019\/07\/JUZGADO-Y-POLICIA-VIAL.jpeg\"><img loading=\"lazy\" decoding=\"async\" class=\"size-medium wp-image-55518 aligncenter\" src=\"http:\/\/vinasfm.com\/noticias\/wp-content\/uploads\/2019\/07\/JUZGADO-Y-POLICIA-VIAL-300x225.jpeg\" alt=\"\" width=\"300\" height=\"225\" srcset=\"https:\/\/vinasfm.com\/noticias\/wp-content\/uploads\/2019\/07\/JUZGADO-Y-POLICIA-VIAL-300x225.jpeg 300w, https:\/\/vinasfm.com\/noticias\/wp-content\/uploads\/2019\/07\/JUZGADO-Y-POLICIA-VIAL-768x576.jpeg 768w, https:\/\/vinasfm.com\/noticias\/wp-content\/uploads\/2019\/07\/JUZGADO-Y-POLICIA-VIAL-1024x768.jpeg 1024w, https:\/\/vinasfm.com\/noticias\/wp-content\/uploads\/2019\/07\/JUZGADO-Y-POLICIA-VIAL.jpeg 1040w\" sizes=\"auto, (max-width: 300px) 100vw, 300px\" \/><\/a><\/p>\n<p>Al ocuparse este predio, <strong>se recupera un patrimonio de General Alvear, pone en valor esta zona y se evita el pago de alquileres, detallaron desde la Comuna.<\/strong><\/p>\n<p><strong><a href=\"http:\/\/vinasfm.com\/noticias\/wp-content\/uploads\/2019\/07\/JUZGADO-VIAL.jpeg\"><img loading=\"lazy\" decoding=\"async\" class=\"alignnone size-medium wp-image-55517\" src=\"http:\/\/vinasfm.com\/noticias\/wp-content\/uploads\/2019\/07\/JUZGADO-VIAL-300x225.jpeg\" alt=\"\" width=\"300\" height=\"225\" srcset=\"https:\/\/vinasfm.com\/noticias\/wp-content\/uploads\/2019\/07\/JUZGADO-VIAL-300x225.jpeg 300w, https:\/\/vinasfm.com\/noticias\/wp-content\/uploads\/2019\/07\/JUZGADO-VIAL-768x576.jpeg 768w, https:\/\/vinasfm.com\/noticias\/wp-content\/uploads\/2019\/07\/JUZGADO-VIAL-1024x768.jpeg 1024w, https:\/\/vinasfm.com\/noticias\/wp-content\/uploads\/2019\/07\/JUZGADO-VIAL.jpeg 1040w\" sizes=\"auto, (max-width: 300px) 100vw, 300px\" \/><\/a> <a href=\"http:\/\/vinasfm.com\/noticias\/wp-content\/uploads\/2019\/07\/OBRA-VIAL.jpeg\"><img loading=\"lazy\" decoding=\"async\" class=\"alignnone size-medium wp-image-55521\" src=\"http:\/\/vinasfm.com\/noticias\/wp-content\/uploads\/2019\/07\/OBRA-VIAL-300x225.jpeg\" alt=\"\" width=\"300\" height=\"225\" srcset=\"https:\/\/vinasfm.com\/noticias\/wp-content\/uploads\/2019\/07\/OBRA-VIAL-300x225.jpeg 300w, https:\/\/vinasfm.com\/noticias\/wp-content\/uploads\/2019\/07\/OBRA-VIAL-768x576.jpeg 768w, https:\/\/vinasfm.com\/noticias\/wp-content\/uploads\/2019\/07\/OBRA-VIAL-1024x768.jpeg 1024w, https:\/\/vinasfm.com\/noticias\/wp-content\/uploads\/2019\/07\/OBRA-VIAL.jpeg 1040w\" sizes=\"auto, (max-width: 300px) 100vw, 300px\" \/><\/a><\/strong><\/p>\n<p>A partir de<strong> agosto<\/strong>, cuando ya est\u00e9n terminadas las instalaciones se va a inaugurar oficialmente. Sin embargo, reci\u00e9n <strong>en octubre se va a poner en marcha formalmente la polic\u00eda vial local<\/strong>, luego de un fuerte proceso de capacitaci\u00f3n al frente del Director Sergio Agostini.<\/p>\n<p>Ver m\u00e1s en: <a href=\"http:\/\/vinasfm.com\/noticias\/se-sigue-capacitando-a-los-efectivos-de-la-policia-vial\/\">http:\/\/vinasfm.com\/noticias\/se-sigue-capacitando-a-los-efectivos-de-la-policia-vial\/<\/a><\/p>\n<p>Respecto a la polic\u00eda vial el Intendente Walther Marcolini, se\u00f1al\u00f3 a F.M. Vi\u00f1as que <em>\u201ces todo nuevo, no es lo mismo para aquellos municipios del Gran Mendoza\u201d,<\/em> que ya ven\u00edan aplicando sistemas similares.<\/p>\n<p>Puntualmente sobre las obras, el jefe comunal indic\u00f3 que<strong> se han realizado importantes mejoras, todas con personal municipal.<\/strong> Por otra parte, <strong>junto al Ministerio de Seguridad de la Provincia, se ha trabajado en la construcci\u00f3n de celdas,<\/strong> para atender el c\u00f3digo contravencional y tambi\u00e9n para que las fiscal\u00edas puedan contar con un lugar de detenci\u00f3n o donde permanezcan las personas que han sido trasladadas a la c\u00e1rcel de San Rafael pero que tienen que declarar en Alvear.<\/p>\n<p><a href=\"http:\/\/vinasfm.com\/noticias\/wp-content\/uploads\/2019\/07\/JUZGADO.jpeg\"><img loading=\"lazy\" decoding=\"async\" class=\"size-medium wp-image-55519 aligncenter\" src=\"http:\/\/vinasfm.com\/noticias\/wp-content\/uploads\/2019\/07\/JUZGADO-300x225.jpeg\" alt=\"\" width=\"300\" height=\"225\" srcset=\"https:\/\/vinasfm.com\/noticias\/wp-content\/uploads\/2019\/07\/JUZGADO-300x225.jpeg 300w, https:\/\/vinasfm.com\/noticias\/wp-content\/uploads\/2019\/07\/JUZGADO-768x576.jpeg 768w, https:\/\/vinasfm.com\/noticias\/wp-content\/uploads\/2019\/07\/JUZGADO-1024x768.jpeg 1024w, https:\/\/vinasfm.com\/noticias\/wp-content\/uploads\/2019\/07\/JUZGADO.jpeg 1040w\" sizes=\"auto, (max-width: 300px) 100vw, 300px\" \/><\/a><\/p>\n<p><strong>La etapa siguiente ser\u00e1n las nuevas instalaciones de bromatolog\u00eda.<\/strong><\/p>\n<h5><em><strong>A.C.<\/strong><\/em><\/h5>\n","protected":false},"excerpt":{"rendered":"<p>En la ex f\u00e1brica Spat, se est\u00e1 culminando la obra del Juzgado Vial, con sus correspondientes fiscal\u00edas. \u00a0All\u00ed tambi\u00e9n funcionar\u00e1 la &#8230;<\/p>\n","protected":false},"author":7,"featured_media":55520,"comment_status":"open","ping_status":"open","sticky":false,"template":"","format":"standard","meta":{"footnotes":""},"categories":[5,29],"tags":[],"class_list":["post-55515","post","type-post","status-publish","format-standard","has-post-thumbnail","hentry","category-actualidad","category-obras-y-servicios"],"_links":{"self":[{"href":"https:\/\/vinasfm.com\/noticias\/wp-json\/wp\/v2\/posts\/55515","targetHints":{"allow":["GET"]}}],"collection":[{"href":"https:\/\/vinasfm.com\/noticias\/wp-json\/wp\/v2\/posts"}],"about":[{"href":"https:\/\/vinasfm.com\/noticias\/wp-json\/wp\/v2\/types\/post"}],"author":[{"embeddable":true,"href":"https:\/\/vinasfm.com\/noticias\/wp-json\/wp\/v2\/users\/7"}],"replies":[{"embeddable":true,"href":"https:\/\/vinasfm.com\/noticias\/wp-json\/wp\/v2\/comments?post=55515"}],"version-history":[{"count":1,"href":"https:\/\/vinasfm.com\/noticias\/wp-json\/wp\/v2\/posts\/55515\/revisions"}],"predecessor-version":[{"id":55523,"href":"https:\/\/vinasfm.com\/noticias\/wp-json\/wp\/v2\/posts\/55515\/revisions\/55523"}],"wp:featuredmedia":[{"embeddable":true,"href":"https:\/\/vinasfm.com\/noticias\/wp-json\/wp\/v2\/media\/55520"}],"wp:attachment":[{"href":"https:\/\/vinasfm.com\/noticias\/wp-json\/wp\/v2\/media?parent=55515"}],"wp:term":[{"taxonomy":"category","embeddable":true,"href":"https:\/\/vinasfm.com\/noticias\/wp-json\/wp\/v2\/categories?post=55515"},{"taxonomy":"post_tag","embeddable":true,"href":"https:\/\/vinasfm.com\/noticias\/wp-json\/wp\/v2\/tags?post=55515"}],"curies":[{"name":"wp","href":"https:\/\/api.w.org\/{rel}","templated":true}]}}