{"id":55375,"date":"2019-07-16T09:10:14","date_gmt":"2019-07-16T12:10:14","guid":{"rendered":"http:\/\/vinasfm.com\/noticias\/?p=55375"},"modified":"2019-07-17T09:18:50","modified_gmt":"2019-07-17T12:18:50","slug":"el-presidente-macri-recibio-el-pedido-de-realizacion-de-la-ruta-188-alvear-malargue","status":"publish","type":"post","link":"https:\/\/vinasfm.com\/noticias\/el-presidente-macri-recibio-el-pedido-de-realizacion-de-la-ruta-188-alvear-malargue\/","title":{"rendered":"EL PRESIDENTE MACRI RECIBI\u00d3 EL PEDIDO PARA LA REALIZACI\u00d3N DE LA 188 ALVEAR- MALARG\u00dcE"},"content":{"rendered":"<h4><strong>En el marco de la inauguraci\u00f3n \u00a0del tramo de la ruta 40 que une San Carlos y Malarg\u00fce, en el cual estuvo presente el Presidente de la Naci\u00f3n Mauricio Macri y el Gobernador Alfredo Cornejo, la C\u00e1mara de Comercio de General Alvear present\u00f3 el pedido de conclusi\u00f3n de la anhelada Ruta 188 Alvear- Malarg\u00fce.<\/strong><\/h4>\n<p>Con la presencia de su <strong>presidente Javier Odetti<\/strong>, <strong>Vicepresidente Carlos Porta<\/strong>, <strong>Presidente Espec\u00edfica Vial Germ\u00e1n Herrada<\/strong> y <strong>Mariano Amuchastegui representando al Grupo de Los Hist\u00f3ricos<\/strong>, tuvieron la oportunidad de presentar el pedido de realizaci\u00f3n de los 193 Km. de la Ruta Nacional 188 Alvear\u2013Malarg\u00fce-San Rafael * Paraje La Junta.<\/p>\n<div id=\"attachment_55377\" style=\"width: 300px\" class=\"wp-caption alignleft\"><a href=\"http:\/\/vinasfm.com\/noticias\/wp-content\/uploads\/2019\/07\/WhatsApp-Image-2019-07-15-at-5.07.51-PM.jpeg\"><img loading=\"lazy\" decoding=\"async\" aria-describedby=\"caption-attachment-55377\" class=\"wp-image-55377 size-medium\" src=\"http:\/\/vinasfm.com\/noticias\/wp-content\/uploads\/2019\/07\/WhatsApp-Image-2019-07-15-at-5.07.51-PM-300x225.jpeg\" alt=\"\" width=\"300\" height=\"225\" srcset=\"https:\/\/vinasfm.com\/noticias\/wp-content\/uploads\/2019\/07\/WhatsApp-Image-2019-07-15-at-5.07.51-PM-300x225.jpeg 300w, https:\/\/vinasfm.com\/noticias\/wp-content\/uploads\/2019\/07\/WhatsApp-Image-2019-07-15-at-5.07.51-PM-768x576.jpeg 768w, https:\/\/vinasfm.com\/noticias\/wp-content\/uploads\/2019\/07\/WhatsApp-Image-2019-07-15-at-5.07.51-PM-1024x768.jpeg 1024w, https:\/\/vinasfm.com\/noticias\/wp-content\/uploads\/2019\/07\/WhatsApp-Image-2019-07-15-at-5.07.51-PM.jpeg 1152w\" sizes=\"auto, (max-width: 300px) 100vw, 300px\" \/><\/a><p id=\"caption-attachment-55377\" class=\"wp-caption-text\">Javier Odetti, Germ\u00e1n Herrada, Carlos Porta y Mariano Amuchastegui.<\/p><\/div>\n<p><strong>Este pedido que lleva cincuenta a\u00f1os de reclamo<\/strong>. Este lunes fue entregado en mano al Presidente de la Naci\u00f3n Ing. Mauricio Macri.<\/p>\n<p>Satisfacci\u00f3n plena, es la expresi\u00f3n justa. <strong>Se pudo hablar con secretarios<\/strong>, <strong>t\u00e9cnicos<\/strong> y <strong>explicar las ventajas que esta obra posee<\/strong>. Ventajas favorables en cuanto a su trazado, el cual no requiere obras de arte de gran magnitud como as\u00ed tambi\u00e9n un gran beneficio de transitabilidad por bajas pendientes, con circulaci\u00f3n permanente en \u00e9pocas invernales, debido a que no hay acumulaci\u00f3n n\u00edvea, permitiendo as\u00ed que la misma permanezca habilitada los 365 d\u00edas del a\u00f1o.<\/p>\n<p>Este, sin duda, <strong>debe ser el gran pedido que todos deben acompa\u00f1ar<\/strong>.<\/p>\n<h5><em>F.B. (F.M. Vi\u00f1as).<\/em><\/h5>\n","protected":false},"excerpt":{"rendered":"<p>En el marco de la inauguraci\u00f3n \u00a0del tramo de la ruta 40 que une San Carlos y Malarg\u00fce, en el cual &#8230;<\/p>\n","protected":false},"author":5,"featured_media":55376,"comment_status":"open","ping_status":"open","sticky":false,"template":"","format":"standard","meta":{"footnotes":""},"categories":[5,29],"tags":[],"class_list":["post-55375","post","type-post","status-publish","format-standard","has-post-thumbnail","hentry","category-actualidad","category-obras-y-servicios"],"_links":{"self":[{"href":"https:\/\/vinasfm.com\/noticias\/wp-json\/wp\/v2\/posts\/55375","targetHints":{"allow":["GET"]}}],"collection":[{"href":"https:\/\/vinasfm.com\/noticias\/wp-json\/wp\/v2\/posts"}],"about":[{"href":"https:\/\/vinasfm.com\/noticias\/wp-json\/wp\/v2\/types\/post"}],"author":[{"embeddable":true,"href":"https:\/\/vinasfm.com\/noticias\/wp-json\/wp\/v2\/users\/5"}],"replies":[{"embeddable":true,"href":"https:\/\/vinasfm.com\/noticias\/wp-json\/wp\/v2\/comments?post=55375"}],"version-history":[{"count":1,"href":"https:\/\/vinasfm.com\/noticias\/wp-json\/wp\/v2\/posts\/55375\/revisions"}],"predecessor-version":[{"id":55401,"href":"https:\/\/vinasfm.com\/noticias\/wp-json\/wp\/v2\/posts\/55375\/revisions\/55401"}],"wp:featuredmedia":[{"embeddable":true,"href":"https:\/\/vinasfm.com\/noticias\/wp-json\/wp\/v2\/media\/55376"}],"wp:attachment":[{"href":"https:\/\/vinasfm.com\/noticias\/wp-json\/wp\/v2\/media?parent=55375"}],"wp:term":[{"taxonomy":"category","embeddable":true,"href":"https:\/\/vinasfm.com\/noticias\/wp-json\/wp\/v2\/categories?post=55375"},{"taxonomy":"post_tag","embeddable":true,"href":"https:\/\/vinasfm.com\/noticias\/wp-json\/wp\/v2\/tags?post=55375"}],"curies":[{"name":"wp","href":"https:\/\/api.w.org\/{rel}","templated":true}]}}