{"id":55272,"date":"2019-07-12T07:52:12","date_gmt":"2019-07-12T10:52:12","guid":{"rendered":"http:\/\/vinasfm.com\/noticias\/?p=55272"},"modified":"2019-07-12T09:54:21","modified_gmt":"2019-07-12T12:54:21","slug":"una-comitiva-chilena-visita-general-alvear-para-firmar-convenios-de-colaboracion-e-integracion","status":"publish","type":"post","link":"https:\/\/vinasfm.com\/noticias\/una-comitiva-chilena-visita-general-alvear-para-firmar-convenios-de-colaboracion-e-integracion\/","title":{"rendered":"UNA COMITIVA CHILENA VISITA GENERAL ALVEAR PARA FIRMAR CONVENIOS DE COLABORACI\u00d3N E INTEGRACI\u00d3N"},"content":{"rendered":"<h4><strong>Una delegaci\u00f3n de la VII Regi\u00f3n de Chile visita nuestro departamento, con el objeto de firmar un convenio marco de trabajo y colaboraci\u00f3n, con General Alvear y todo el sur provincial.<\/strong><\/h4>\n<p>La comitiva es encabezada por el Alcalde de El Romeral, Carlos Vergara y otros funcionarios del pa\u00eds trasandino.<\/p>\n<p>En esta ocasi\u00f3n, ya se est\u00e1 trabajando con \u00e1reas espec\u00edficas en lo e<strong>ducativo, deportivo, en la integraci\u00f3n tur\u00edstica y comercial.<\/strong><\/p>\n<p>Las vinculaciones entre ambas regiones se vienen realizando desde hace varios a\u00f1os, primero con<strong> Paso Pehuenche<\/strong>, y ahora se suma el <strong>Planch\u00f3n Vergara.<\/strong><\/p>\n<p>El Intendente local Walther Marcolini resalt\u00f3 como positiva \u201c<em>toda conexi\u00f3n que atraviese la cordillera de Los Andes y que nos permita la integraci\u00f3n con la VII Regi\u00f3n del Maule\u201d<\/em>. En igual sentido agreg\u00f3 las oportunidades que han surgido a trav\u00e9s de Pehuenche, para llegar a los puertos de Concepci\u00f3n y San Antonio.<\/p>\n<p>La visita tambi\u00e9n esta motiva por <strong>proyectos para comenzar a trabajar en el ferrocarril trasandino,<\/strong> <em>\u201cpensado en el ramal Sarmiento es fundamental\u201d<\/em>, indic\u00f3 Marcolini, a lo que el alcalde chileno a\u00f1adi\u00f3 que<em> \u201cser\u00eda el \u00fanico ferrocarril que podr\u00eda cargar dos contenedores de altura ya que por el Paso Planch\u00f3n Vergara no se necesitar\u00edan construir t\u00faneles<\/em>\u201d, sumado a la baja altura cordillerana en ese sector y con estudios que datan desde 1899 e indican su factibilidad. Esta adem\u00e1s fue una de las rutas que utiliz\u00f3 San Mart\u00edn en el hist\u00f3rico Cruce de los Andes.<\/p>\n<p><em><strong>\u201cSon temas que hacen a largo plazo, de pol\u00edticas p\u00fablicas a tener continuidad\u201d,<\/strong><\/em> manifest\u00f3 el Jefe Comunal.<\/p>\n<p>Tambi\u00e9n se estar\u00eda analizando la <strong>creaci\u00f3n de una tarjeta binacional de beneficios<\/strong>, para ser utilizada en el pa\u00eds vecino y viceversa.<\/p>\n<p>A.C.<\/p>\n","protected":false},"excerpt":{"rendered":"<p>Una delegaci\u00f3n de la VII Regi\u00f3n de Chile visita nuestro departamento, con el objeto de firmar un convenio marco de trabajo &#8230;<\/p>\n","protected":false},"author":5,"featured_media":55275,"comment_status":"open","ping_status":"open","sticky":false,"template":"","format":"standard","meta":{"footnotes":""},"categories":[1],"tags":[],"class_list":["post-55272","post","type-post","status-publish","format-standard","has-post-thumbnail","hentry","category-fmvinas"],"_links":{"self":[{"href":"https:\/\/vinasfm.com\/noticias\/wp-json\/wp\/v2\/posts\/55272","targetHints":{"allow":["GET"]}}],"collection":[{"href":"https:\/\/vinasfm.com\/noticias\/wp-json\/wp\/v2\/posts"}],"about":[{"href":"https:\/\/vinasfm.com\/noticias\/wp-json\/wp\/v2\/types\/post"}],"author":[{"embeddable":true,"href":"https:\/\/vinasfm.com\/noticias\/wp-json\/wp\/v2\/users\/5"}],"replies":[{"embeddable":true,"href":"https:\/\/vinasfm.com\/noticias\/wp-json\/wp\/v2\/comments?post=55272"}],"version-history":[{"count":1,"href":"https:\/\/vinasfm.com\/noticias\/wp-json\/wp\/v2\/posts\/55272\/revisions"}],"predecessor-version":[{"id":55276,"href":"https:\/\/vinasfm.com\/noticias\/wp-json\/wp\/v2\/posts\/55272\/revisions\/55276"}],"wp:featuredmedia":[{"embeddable":true,"href":"https:\/\/vinasfm.com\/noticias\/wp-json\/wp\/v2\/media\/55275"}],"wp:attachment":[{"href":"https:\/\/vinasfm.com\/noticias\/wp-json\/wp\/v2\/media?parent=55272"}],"wp:term":[{"taxonomy":"category","embeddable":true,"href":"https:\/\/vinasfm.com\/noticias\/wp-json\/wp\/v2\/categories?post=55272"},{"taxonomy":"post_tag","embeddable":true,"href":"https:\/\/vinasfm.com\/noticias\/wp-json\/wp\/v2\/tags?post=55272"}],"curies":[{"name":"wp","href":"https:\/\/api.w.org\/{rel}","templated":true}]}}