{"id":55266,"date":"2019-07-12T08:05:39","date_gmt":"2019-07-12T11:05:39","guid":{"rendered":"http:\/\/vinasfm.com\/noticias\/?p=55266"},"modified":"2019-07-12T09:07:03","modified_gmt":"2019-07-12T12:07:03","slug":"condenaron-a-4-anos-de-prision-al-municipal-malarguino-que-distribuia-pornografia-infantil","status":"publish","type":"post","link":"https:\/\/vinasfm.com\/noticias\/condenaron-a-4-anos-de-prision-al-municipal-malarguino-que-distribuia-pornografia-infantil\/","title":{"rendered":"CONDENARON A 4 A\u00d1OS DE PRISI\u00d3N AL MUNICIPAL MALARG\u00dcINO QUE DISTRIBU\u00cdA PORNOGRAF\u00cdA INFANTIL"},"content":{"rendered":"<h4>Se trata de Daniel Ram\u00f3n Far\u00edas (57), quien estaba detenido desde mayo, cuando un compa\u00f1ero descubri\u00f3 el material en su computadora y lo denunci\u00f3. El hombre reconoci\u00f3 el delito por el que estaba acusado en un juicio abreviado y recibi\u00f3 una pena de 4 a\u00f1os de prisi\u00f3n.<\/h4>\n<p><strong>Daniel Ram\u00f3n Far\u00edas <\/strong>(<strong>57<\/strong>), el municipal de <strong>Malarg\u00fce<\/strong> que fue descubierto con pornograf\u00eda infantil en mayo, <strong>fue condenado este jueves a cuatro a\u00f1os de prisi\u00f3n efectiva en un juicio abreviado inicial<\/strong>. La defensa del ex empleado de la comuna lleg\u00f3 a un acuerdo con <strong>la fiscal de Instrucci\u00f3n Andrea Lorente<\/strong> y su cliente admiti\u00f3 los hechos frente a un juez.<\/p>\n<p>La causa se defini\u00f3 durante una audiencia\u00a0que, a priori, iba a tratar la\u00a0prisi\u00f3n preventiva\u00a0contra el\u00a0hombre\u00a0acusado por el delito de tenencia y distribuci\u00f3n de pornograf\u00eda infantil agravado por ser las v\u00edctima menores de 13 a\u00f1os.<\/p>\n<p><strong>Far\u00edas hab\u00eda sido denunciado a principios de mayo por un compa\u00f1ero<\/strong>, quien lo descubri\u00f3 mirando el material er\u00f3tico de menores en una computadora del municipio.<\/p>\n<p>A partir de esa denuncia, <strong>la fiscal Lorente orden\u00f3 su detenci\u00f3n<\/strong>, que se concret\u00f3 el 29 de mayo.<\/p>\n<p>Durante la breve instrucci\u00f3n, <strong>se logr\u00f3 demostrar mediante peritajes tecnol\u00f3gicos al celular y la computadora del hombre<\/strong>, que este no produc\u00eda las im\u00e1genes que fueron descubiertas por su compa\u00f1ero. <strong>Sino que las obten\u00eda desde la web<\/strong>.<\/p>\n<p>No obstante, <strong>se logr\u00f3 comprobar que Far\u00edas distribu\u00eda el material a otros usuarios<\/strong>, lo que termin\u00f3 complicando su situaci\u00f3n. Esa es una de las razones por las que el\u00a0ped\u00f3filo\u00a0deber\u00e1 cumplir su pena tras las rejas.<\/p>\n<h5><em>F.B. (F.M. Vi\u00f1as).<\/em><\/h5>\n","protected":false},"excerpt":{"rendered":"<p>Se trata de Daniel Ram\u00f3n Far\u00edas (57), quien estaba detenido desde mayo, cuando un compa\u00f1ero descubri\u00f3 el material en su computadora &#8230;<\/p>\n","protected":false},"author":5,"featured_media":55267,"comment_status":"open","ping_status":"open","sticky":false,"template":"","format":"standard","meta":{"footnotes":""},"categories":[5,22],"tags":[],"class_list":["post-55266","post","type-post","status-publish","format-standard","has-post-thumbnail","hentry","category-actualidad","category-justicia"],"_links":{"self":[{"href":"https:\/\/vinasfm.com\/noticias\/wp-json\/wp\/v2\/posts\/55266","targetHints":{"allow":["GET"]}}],"collection":[{"href":"https:\/\/vinasfm.com\/noticias\/wp-json\/wp\/v2\/posts"}],"about":[{"href":"https:\/\/vinasfm.com\/noticias\/wp-json\/wp\/v2\/types\/post"}],"author":[{"embeddable":true,"href":"https:\/\/vinasfm.com\/noticias\/wp-json\/wp\/v2\/users\/5"}],"replies":[{"embeddable":true,"href":"https:\/\/vinasfm.com\/noticias\/wp-json\/wp\/v2\/comments?post=55266"}],"version-history":[{"count":1,"href":"https:\/\/vinasfm.com\/noticias\/wp-json\/wp\/v2\/posts\/55266\/revisions"}],"predecessor-version":[{"id":55268,"href":"https:\/\/vinasfm.com\/noticias\/wp-json\/wp\/v2\/posts\/55266\/revisions\/55268"}],"wp:featuredmedia":[{"embeddable":true,"href":"https:\/\/vinasfm.com\/noticias\/wp-json\/wp\/v2\/media\/55267"}],"wp:attachment":[{"href":"https:\/\/vinasfm.com\/noticias\/wp-json\/wp\/v2\/media?parent=55266"}],"wp:term":[{"taxonomy":"category","embeddable":true,"href":"https:\/\/vinasfm.com\/noticias\/wp-json\/wp\/v2\/categories?post=55266"},{"taxonomy":"post_tag","embeddable":true,"href":"https:\/\/vinasfm.com\/noticias\/wp-json\/wp\/v2\/tags?post=55266"}],"curies":[{"name":"wp","href":"https:\/\/api.w.org\/{rel}","templated":true}]}}