{"id":55145,"date":"2019-07-10T09:45:57","date_gmt":"2019-07-10T12:45:57","guid":{"rendered":"http:\/\/vinasfm.com\/noticias\/?p=55145"},"modified":"2019-07-10T09:45:57","modified_gmt":"2019-07-10T12:45:57","slug":"personal-policial-secuestro-un-arma-de-fuego-en-un-control-vehicular","status":"publish","type":"post","link":"https:\/\/vinasfm.com\/noticias\/personal-policial-secuestro-un-arma-de-fuego-en-un-control-vehicular\/","title":{"rendered":"PERSONAL POLICIAL SECUESTR\u00d3 UN ARMA DE FUEGO EN UN CONTROL VEHICULAR"},"content":{"rendered":"<h4><strong>Gracias a un control veh\u00edcular que se realiz\u00f3 en Ruta 188 en horas del mediod\u00eda de este martes personal policial secuestr\u00f3 un arma de fuego con sus correspondiente cartuchos.<\/strong><\/h4>\n<p>Seg\u00fan inform\u00f3 el <strong>Comisar\u00eda Modesto Bravo de Comisar\u00eda 14\u00b0<\/strong> un hombre mayor de edad fue aprehendido y trasladado a la Seccional por <em><strong>tenencia de una escopeta calibre 16 y 11 cartuchos del mismo calibre<\/strong><\/em>.<\/p>\n<p>La <strong>Oficina Fiscal de General Alvear<\/strong> interviene en el hecho bajo la caratula \u00ab<strong><em>tenencia ilegal de arma de fuego<\/em><\/strong>\u00ab.<\/p>\n<h5><em>F.B. (F.M. Vi\u00f1as).<\/em><\/h5>\n","protected":false},"excerpt":{"rendered":"<p>Gracias a un control veh\u00edcular que se realiz\u00f3 en Ruta 188 en horas del mediod\u00eda de este martes personal policial secuestr\u00f3 &#8230;<\/p>\n","protected":false},"author":5,"featured_media":26747,"comment_status":"open","ping_status":"open","sticky":false,"template":"","format":"standard","meta":{"footnotes":""},"categories":[5,4],"tags":[],"class_list":["post-55145","post","type-post","status-publish","format-standard","has-post-thumbnail","hentry","category-actualidad","category-policiales"],"_links":{"self":[{"href":"https:\/\/vinasfm.com\/noticias\/wp-json\/wp\/v2\/posts\/55145","targetHints":{"allow":["GET"]}}],"collection":[{"href":"https:\/\/vinasfm.com\/noticias\/wp-json\/wp\/v2\/posts"}],"about":[{"href":"https:\/\/vinasfm.com\/noticias\/wp-json\/wp\/v2\/types\/post"}],"author":[{"embeddable":true,"href":"https:\/\/vinasfm.com\/noticias\/wp-json\/wp\/v2\/users\/5"}],"replies":[{"embeddable":true,"href":"https:\/\/vinasfm.com\/noticias\/wp-json\/wp\/v2\/comments?post=55145"}],"version-history":[{"count":1,"href":"https:\/\/vinasfm.com\/noticias\/wp-json\/wp\/v2\/posts\/55145\/revisions"}],"predecessor-version":[{"id":55155,"href":"https:\/\/vinasfm.com\/noticias\/wp-json\/wp\/v2\/posts\/55145\/revisions\/55155"}],"wp:featuredmedia":[{"embeddable":true,"href":"https:\/\/vinasfm.com\/noticias\/wp-json\/wp\/v2\/media\/26747"}],"wp:attachment":[{"href":"https:\/\/vinasfm.com\/noticias\/wp-json\/wp\/v2\/media?parent=55145"}],"wp:term":[{"taxonomy":"category","embeddable":true,"href":"https:\/\/vinasfm.com\/noticias\/wp-json\/wp\/v2\/categories?post=55145"},{"taxonomy":"post_tag","embeddable":true,"href":"https:\/\/vinasfm.com\/noticias\/wp-json\/wp\/v2\/tags?post=55145"}],"curies":[{"name":"wp","href":"https:\/\/api.w.org\/{rel}","templated":true}]}}