{"id":55031,"date":"2019-07-06T08:32:05","date_gmt":"2019-07-06T11:32:05","guid":{"rendered":"http:\/\/vinasfm.com\/noticias\/?p=55031"},"modified":"2019-07-08T10:19:40","modified_gmt":"2019-07-08T13:19:40","slug":"el-gobierno-oficializo-hoy-las-nuevas-escalas-salariales-para-el-personal-domestico","status":"publish","type":"post","link":"https:\/\/vinasfm.com\/noticias\/el-gobierno-oficializo-hoy-las-nuevas-escalas-salariales-para-el-personal-domestico\/","title":{"rendered":"EL GOBIERNO OFICIALIZ\u00d3 LAS NUEVAS ESCALAS SALARIALES PARA EL PERSONAL DOM\u00c9STICO"},"content":{"rendered":"<h4><strong>El Gobierno oficializ\u00f3 hoy las nuevas escalas salariales para el personal dom\u00e9stico<\/strong>, <strong>que suman una mejora del 30% anual a aplicarse en tres cuotas, en todo el pa\u00eds.<\/strong><\/h4>\n<p>El ajuste se formaliz\u00f3 por medio de una resoluci\u00f3n de la <strong>Comisi\u00f3n Nacional de Trabajo en Casas Particulares<\/strong>, publicada este viernes en el <strong>Bolet\u00edn Oficial<\/strong>.<\/p>\n<p><strong>La primera de las cuotas, de 10%, ser\u00e1 retroactiva a junio, mientras que las otras dos, por el mismo porcentaje, se aplicar\u00e1n sobre los ingresos de agosto y noviembre.<\/strong><\/p>\n<p>Seg\u00fan lo dispuesto, el valor de la hora a partir de junio se fij\u00f3 en <strong>113,5 pesos<\/strong>, con retiro del domicilio, y <strong>122 pesos<\/strong> cuando permanezca; el salario mensual qued\u00f3 fijado en 13.794 pesos y 15.539 pesos, respectivamente.<\/p>\n<p><strong>El plazo de vigencia del acuerdo salarial se fij\u00f3 entre el 1\u00ba de junio de 2019 y el 31 de mayo del 2020.<\/strong><\/p>\n<p>El <strong>Poder Ejecutivo<\/strong> se\u00f1al\u00f3 que el aumento salarial se fij\u00f3 a partir de un acuerdo entre las representaciones sectoriales de trabajadores, empleadores y de los Ministerios integrantes de la <strong>Comisi\u00f3n Nacional de Trabajo para el Personal de Casas Particulares<\/strong>.<\/p>\n<p>Las partes \u00ab<em>han asumido el compromiso de acordar un incremento salarial sobre los salarios m\u00ednimos establecidos por la <strong>Resoluci\u00f3n CNTCP N\u00b0 1\/19<\/strong> a partir del 1 de junio de 2019<\/em>\u00ab, de acuerdo con la resoluci\u00f3n.<\/p>\n<p>A trav\u00e9s del acuerdo, \u00ab<em>las partes han coincidido en otorgar un incremento salarial total del 30% sobre la escala salarial aprobada mediante Resoluci\u00f3n CNTCP N\u00b0 1\/19<\/em>\u00ab, se\u00f1al\u00f3 el texto oficial.<\/p>\n<p>Las adecuaciones salariales dispuestas por la resoluci\u00f3n publicada este viernes, ser\u00e1n de aplicaci\u00f3n en todo el territorio de la Naci\u00f3n.<\/p>\n<p>Una de las atribuciones de la <strong>Comisi\u00f3n Nacional de Trabajo en Casas Particulares<\/strong> es la de fijar las remuneraciones m\u00ednimas o recomposiciones salariales.<\/p>\n<h5><em>F.B. (F.M. Vi\u00f1as).<\/em><\/h5>\n","protected":false},"excerpt":{"rendered":"<p>El Gobierno oficializ\u00f3 hoy las nuevas escalas salariales para el personal dom\u00e9stico, que suman una mejora del 30% anual a aplicarse &#8230;<\/p>\n","protected":false},"author":5,"featured_media":50512,"comment_status":"open","ping_status":"open","sticky":false,"template":"","format":"standard","meta":{"footnotes":""},"categories":[5,16],"tags":[],"class_list":["post-55031","post","type-post","status-publish","format-standard","has-post-thumbnail","hentry","category-actualidad","category-economia"],"_links":{"self":[{"href":"https:\/\/vinasfm.com\/noticias\/wp-json\/wp\/v2\/posts\/55031","targetHints":{"allow":["GET"]}}],"collection":[{"href":"https:\/\/vinasfm.com\/noticias\/wp-json\/wp\/v2\/posts"}],"about":[{"href":"https:\/\/vinasfm.com\/noticias\/wp-json\/wp\/v2\/types\/post"}],"author":[{"embeddable":true,"href":"https:\/\/vinasfm.com\/noticias\/wp-json\/wp\/v2\/users\/5"}],"replies":[{"embeddable":true,"href":"https:\/\/vinasfm.com\/noticias\/wp-json\/wp\/v2\/comments?post=55031"}],"version-history":[{"count":1,"href":"https:\/\/vinasfm.com\/noticias\/wp-json\/wp\/v2\/posts\/55031\/revisions"}],"predecessor-version":[{"id":55068,"href":"https:\/\/vinasfm.com\/noticias\/wp-json\/wp\/v2\/posts\/55031\/revisions\/55068"}],"wp:featuredmedia":[{"embeddable":true,"href":"https:\/\/vinasfm.com\/noticias\/wp-json\/wp\/v2\/media\/50512"}],"wp:attachment":[{"href":"https:\/\/vinasfm.com\/noticias\/wp-json\/wp\/v2\/media?parent=55031"}],"wp:term":[{"taxonomy":"category","embeddable":true,"href":"https:\/\/vinasfm.com\/noticias\/wp-json\/wp\/v2\/categories?post=55031"},{"taxonomy":"post_tag","embeddable":true,"href":"https:\/\/vinasfm.com\/noticias\/wp-json\/wp\/v2\/tags?post=55031"}],"curies":[{"name":"wp","href":"https:\/\/api.w.org\/{rel}","templated":true}]}}