{"id":54991,"date":"2019-07-05T09:41:01","date_gmt":"2019-07-05T12:41:01","guid":{"rendered":"http:\/\/vinasfm.com\/noticias\/?p=54991"},"modified":"2019-07-05T09:41:01","modified_gmt":"2019-07-05T12:41:01","slug":"cooperativistas-alvearenses-participaron-de-una-charla-que-brindo-el-ministerio-de-economia","status":"publish","type":"post","link":"https:\/\/vinasfm.com\/noticias\/cooperativistas-alvearenses-participaron-de-una-charla-que-brindo-el-ministerio-de-economia\/","title":{"rendered":"COOPERATIVISTAS ALVEARENSES PARTICIPARON DE UNA CHARLA QUE BRIND\u00d3 EL MINISTERIO DE ECONOM\u00cdA"},"content":{"rendered":"<h4><strong>Esta es una de las actividades que se realiza en la provincia en el marco del D\u00eda Internacional de las Cooperativas que se celebra desde 1992, en julio.<\/strong><\/h4>\n<p>El <strong>Ministerio de Econom\u00eda, Infraestructura y Energ\u00eda<\/strong>, a trav\u00e9s de la <strong>Direcci\u00f3n de Asociativismo y Cooperativas<\/strong>, organiz\u00f3 una serie de eventos para conmemorar el <strong>D\u00eda Internacional de las Cooperativas<\/strong> que, desde la ONU, se proclam\u00f3 celebrar los primeros s\u00e1bados de julio, a partir de la Asamblea General de 1992.<\/p>\n<p>En este marco, miembros de la Direcci\u00f3n visitaron San Rafael para brindar una charla de capacitaci\u00f3n cooperativa en <strong>CORSPUVI<\/strong> (<strong>Cooperativa Rural de Servicios P\u00fablicos Real del Padre LTDA<\/strong>).<\/p>\n<p>El encargado de la charla fue el director, Gustavo Calle, ante una importante concurrencia de <strong>cooperativistas de General Alvear y San Rafael<\/strong>, ante quienes destac\u00f3 el desarrollo territorial y la importancia del\u00a0trabajo solidario, social y cultural que realizan las cooperativas en Mendoza, poni\u00e9ndolo en contexto del lema 2019 de la <strong>Alianza Cooperativa Internacional<\/strong> (<strong>ACI<\/strong>) sobre el <strong><em>Trabajo Digno en el mundo<\/em><\/strong>.<\/p>\n<h5><em>F.B. (F.M. Vi\u00f1as).<\/em><\/h5>\n","protected":false},"excerpt":{"rendered":"<p>Esta es una de las actividades que se realiza en la provincia en el marco del D\u00eda Internacional de las Cooperativas &#8230;<\/p>\n","protected":false},"author":5,"featured_media":54993,"comment_status":"open","ping_status":"open","sticky":false,"template":"","format":"standard","meta":{"footnotes":""},"categories":[5,10],"tags":[],"class_list":["post-54991","post","type-post","status-publish","format-standard","has-post-thumbnail","hentry","category-actualidad","category-destacadas"],"_links":{"self":[{"href":"https:\/\/vinasfm.com\/noticias\/wp-json\/wp\/v2\/posts\/54991","targetHints":{"allow":["GET"]}}],"collection":[{"href":"https:\/\/vinasfm.com\/noticias\/wp-json\/wp\/v2\/posts"}],"about":[{"href":"https:\/\/vinasfm.com\/noticias\/wp-json\/wp\/v2\/types\/post"}],"author":[{"embeddable":true,"href":"https:\/\/vinasfm.com\/noticias\/wp-json\/wp\/v2\/users\/5"}],"replies":[{"embeddable":true,"href":"https:\/\/vinasfm.com\/noticias\/wp-json\/wp\/v2\/comments?post=54991"}],"version-history":[{"count":1,"href":"https:\/\/vinasfm.com\/noticias\/wp-json\/wp\/v2\/posts\/54991\/revisions"}],"predecessor-version":[{"id":54994,"href":"https:\/\/vinasfm.com\/noticias\/wp-json\/wp\/v2\/posts\/54991\/revisions\/54994"}],"wp:featuredmedia":[{"embeddable":true,"href":"https:\/\/vinasfm.com\/noticias\/wp-json\/wp\/v2\/media\/54993"}],"wp:attachment":[{"href":"https:\/\/vinasfm.com\/noticias\/wp-json\/wp\/v2\/media?parent=54991"}],"wp:term":[{"taxonomy":"category","embeddable":true,"href":"https:\/\/vinasfm.com\/noticias\/wp-json\/wp\/v2\/categories?post=54991"},{"taxonomy":"post_tag","embeddable":true,"href":"https:\/\/vinasfm.com\/noticias\/wp-json\/wp\/v2\/tags?post=54991"}],"curies":[{"name":"wp","href":"https:\/\/api.w.org\/{rel}","templated":true}]}}