{"id":54981,"date":"2019-07-05T09:30:24","date_gmt":"2019-07-05T12:30:24","guid":{"rendered":"http:\/\/vinasfm.com\/noticias\/?p=54981"},"modified":"2019-07-06T11:06:25","modified_gmt":"2019-07-06T14:06:25","slug":"inseguridad-un-comercio-centrico-fue-victima-de-un-robo-a-plena-luz-del-dia","status":"publish","type":"post","link":"https:\/\/vinasfm.com\/noticias\/inseguridad-un-comercio-centrico-fue-victima-de-un-robo-a-plena-luz-del-dia\/","title":{"rendered":"INSEGURIDAD: UN COMERCIO C\u00c9NTRICO FUE V\u00cdCTIMA DE UN ROBO A PLENA LUZ DEL D\u00cdA"},"content":{"rendered":"<h4><strong>Un local comercial ubicado en calle Ingeniero Lange 110 fue escenario de un robo que se produjo en horas de la ma\u00f1ana de este viernes. Los malvivientes violentaron la puerta para ingresar.<\/strong><\/h4>\n<p>Se trata de \u201c<strong>Tentate<\/strong>\u201d, un conocido comercio alvearense que surgi\u00f3 del esfuerzo de su propietaria <strong>Vanina Garro<\/strong> quien relat\u00f3 a <strong><em>F.M. Vi\u00f1as<\/em><\/strong> la secuencia de este hecho delictivo. \u201c<em>Muy temprano una conocida pas\u00f3 por el frente del local y vio que sal\u00eda gente del interior con diferentes elementos a lo que r\u00e1pidamente me llam\u00f3<\/em>\u201d, testimoni\u00f3 <strong>Garro<\/strong>.<\/p>\n<div id=\"attachment_54984\" style=\"width: 192px\" class=\"wp-caption alignleft\"><a href=\"http:\/\/vinasfm.com\/noticias\/wp-content\/uploads\/2019\/07\/tentate-1.jpg\"><img loading=\"lazy\" decoding=\"async\" aria-describedby=\"caption-attachment-54984\" class=\"wp-image-54984\" src=\"http:\/\/vinasfm.com\/noticias\/wp-content\/uploads\/2019\/07\/tentate-1-300x289.jpg\" alt=\"\" width=\"192\" height=\"185\" srcset=\"https:\/\/vinasfm.com\/noticias\/wp-content\/uploads\/2019\/07\/tentate-1-300x289.jpg 300w, https:\/\/vinasfm.com\/noticias\/wp-content\/uploads\/2019\/07\/tentate-1-768x740.jpg 768w, https:\/\/vinasfm.com\/noticias\/wp-content\/uploads\/2019\/07\/tentate-1.jpg 779w\" sizes=\"auto, (max-width: 192px) 100vw, 192px\" \/><\/a><p id=\"caption-attachment-54984\" class=\"wp-caption-text\">Los delincuentes vulneraron la cerradura para ingresar.<\/p><\/div>\n<p>Al arribar al lugar, <strong>personal policial de Comisar\u00eda 14\u00b0<\/strong> y <strong>polic\u00eda Cient\u00edfica<\/strong> se encontraba realizando tareas de rigor. \u201c<em>Se llevaron bebidas, bolsitas de snack y mercader\u00eda varia. No generaron destrozos en el interior solamente la puerta que la forzaron hasta abrirla<\/em>\u201d, explic\u00f3 sobre lo sustra\u00eddo. Cabe destacar que <strong>el comercio cuenta con c\u00e1maras de seguridad que en estos momentos est\u00e1n siendo analizadas para individualizar a los autores del delito<\/strong>.<\/p>\n<p>\u201c<em>Es la primera vez que nos pasa algo similar y<\/em> <em>no queda otra, hay que seguir trabajando. Cada d\u00eda estamos m\u00e1s presos de esta realidad que atravesamos<\/em>\u201d, concluy\u00f3 <strong>Vanina<\/strong>.<\/p>\n<h5><em>F.B. (F.M. Vi\u00f1as).<\/em><\/h5>\n","protected":false},"excerpt":{"rendered":"<p>Un local comercial ubicado en calle Ingeniero Lange 110 fue escenario de un robo que se produjo en horas de la &#8230;<\/p>\n","protected":false},"author":5,"featured_media":54983,"comment_status":"open","ping_status":"open","sticky":false,"template":"","format":"standard","meta":{"footnotes":""},"categories":[5,4],"tags":[],"class_list":["post-54981","post","type-post","status-publish","format-standard","has-post-thumbnail","hentry","category-actualidad","category-policiales"],"_links":{"self":[{"href":"https:\/\/vinasfm.com\/noticias\/wp-json\/wp\/v2\/posts\/54981","targetHints":{"allow":["GET"]}}],"collection":[{"href":"https:\/\/vinasfm.com\/noticias\/wp-json\/wp\/v2\/posts"}],"about":[{"href":"https:\/\/vinasfm.com\/noticias\/wp-json\/wp\/v2\/types\/post"}],"author":[{"embeddable":true,"href":"https:\/\/vinasfm.com\/noticias\/wp-json\/wp\/v2\/users\/5"}],"replies":[{"embeddable":true,"href":"https:\/\/vinasfm.com\/noticias\/wp-json\/wp\/v2\/comments?post=54981"}],"version-history":[{"count":1,"href":"https:\/\/vinasfm.com\/noticias\/wp-json\/wp\/v2\/posts\/54981\/revisions"}],"predecessor-version":[{"id":54989,"href":"https:\/\/vinasfm.com\/noticias\/wp-json\/wp\/v2\/posts\/54981\/revisions\/54989"}],"wp:featuredmedia":[{"embeddable":true,"href":"https:\/\/vinasfm.com\/noticias\/wp-json\/wp\/v2\/media\/54983"}],"wp:attachment":[{"href":"https:\/\/vinasfm.com\/noticias\/wp-json\/wp\/v2\/media?parent=54981"}],"wp:term":[{"taxonomy":"category","embeddable":true,"href":"https:\/\/vinasfm.com\/noticias\/wp-json\/wp\/v2\/categories?post=54981"},{"taxonomy":"post_tag","embeddable":true,"href":"https:\/\/vinasfm.com\/noticias\/wp-json\/wp\/v2\/tags?post=54981"}],"curies":[{"name":"wp","href":"https:\/\/api.w.org\/{rel}","templated":true}]}}