{"id":54938,"date":"2019-07-05T10:35:26","date_gmt":"2019-07-05T13:35:26","guid":{"rendered":"http:\/\/vinasfm.com\/noticias\/?p=54938"},"modified":"2019-07-06T11:05:49","modified_gmt":"2019-07-06T14:05:49","slug":"este-fin-de-semana-se-jugaran-la-quinta-y-sexta-fecha-del-futbol-local","status":"publish","type":"post","link":"https:\/\/vinasfm.com\/noticias\/este-fin-de-semana-se-jugaran-la-quinta-y-sexta-fecha-del-futbol-local\/","title":{"rendered":"ESTE FIN DE SEMANA SE JUGAR\u00c1N LA QUINTA Y SEXTA FECHA DEL F\u00daTBOL LOCAL"},"content":{"rendered":"<h4><strong>Este fin de semana largo se disputar\u00e1 la 5ta y 6ta fecha correspondiente al Torneo Apertura de la Liga Alvearense de F\u00fatbol.<\/strong><\/h4>\n<p>Por la quinta fecha los encuentros comenzar\u00e1n el s\u00e1bado a partir de las 15:30 horas con el partido de Andes \u2013 10 de Septiembre. A las 15:45, Ferro \u2013 Argentino.<\/p>\n<p>El domingo a las 14:00 en el distrito del este, Bowen \u2013 Pac\u00edfico; a la misma hora en campo de Argentino, Circunvalaci\u00f3n \u2013 Col\u00f3n. A las 14:30 en tierras sanrafaelinas Real del Padre \u2013 Uni\u00f3n de San Luis.<\/p>\n<p>El d\u00eda martes, aprovechando el feriado del 9 de julio se jugar\u00e1 la sexta fecha con los partidos entre Uni\u00f3n de San Luis \u2013 Pac\u00edfico y 10 de Septiembre \u2013 Circunvalaci\u00f3n, a las 15:30 horas.<\/p>\n<p>A las 15:45 se medir\u00e1n Argentino \u2013 Andes, Ferro \u2013 Bowen y Col\u00f3n \u2013 Real del Padre.<\/p>\n<h4><strong>AS\u00cd EST\u00c1 LA TABLA DE POSICIONES<\/strong><\/h4>\n<p>Bowen: 12 puntos.<\/p>\n<p>Uni\u00f3n San Luis: 10 puntos.<\/p>\n<p>Pac\u00edfico: 8 puntos.<\/p>\n<p>Ferro: 7 puntos.<\/p>\n<p>Andes: 6 puntos.<\/p>\n<p>10 de Setiembre: 6 puntos.<\/p>\n<p>Real del Padre: 4 puntos.<\/p>\n<p>Argentino: 3 puntos.<\/p>\n<p>Col\u00f3n y Circunvalaci\u00f3n: sin unidades.<\/p>\n<p>A.C.<\/p>\n","protected":false},"excerpt":{"rendered":"<p>Este fin de semana largo se disputar\u00e1 la 5ta y 6ta fecha correspondiente al Torneo Apertura de la Liga Alvearense de &#8230;<\/p>\n","protected":false},"author":5,"featured_media":42544,"comment_status":"open","ping_status":"open","sticky":false,"template":"","format":"standard","meta":{"footnotes":""},"categories":[1],"tags":[],"class_list":["post-54938","post","type-post","status-publish","format-standard","has-post-thumbnail","hentry","category-fmvinas"],"_links":{"self":[{"href":"https:\/\/vinasfm.com\/noticias\/wp-json\/wp\/v2\/posts\/54938","targetHints":{"allow":["GET"]}}],"collection":[{"href":"https:\/\/vinasfm.com\/noticias\/wp-json\/wp\/v2\/posts"}],"about":[{"href":"https:\/\/vinasfm.com\/noticias\/wp-json\/wp\/v2\/types\/post"}],"author":[{"embeddable":true,"href":"https:\/\/vinasfm.com\/noticias\/wp-json\/wp\/v2\/users\/5"}],"replies":[{"embeddable":true,"href":"https:\/\/vinasfm.com\/noticias\/wp-json\/wp\/v2\/comments?post=54938"}],"version-history":[{"count":1,"href":"https:\/\/vinasfm.com\/noticias\/wp-json\/wp\/v2\/posts\/54938\/revisions"}],"predecessor-version":[{"id":54939,"href":"https:\/\/vinasfm.com\/noticias\/wp-json\/wp\/v2\/posts\/54938\/revisions\/54939"}],"wp:featuredmedia":[{"embeddable":true,"href":"https:\/\/vinasfm.com\/noticias\/wp-json\/wp\/v2\/media\/42544"}],"wp:attachment":[{"href":"https:\/\/vinasfm.com\/noticias\/wp-json\/wp\/v2\/media?parent=54938"}],"wp:term":[{"taxonomy":"category","embeddable":true,"href":"https:\/\/vinasfm.com\/noticias\/wp-json\/wp\/v2\/categories?post=54938"},{"taxonomy":"post_tag","embeddable":true,"href":"https:\/\/vinasfm.com\/noticias\/wp-json\/wp\/v2\/tags?post=54938"}],"curies":[{"name":"wp","href":"https:\/\/api.w.org\/{rel}","templated":true}]}}