{"id":54837,"date":"2019-07-02T07:08:26","date_gmt":"2019-07-02T10:08:26","guid":{"rendered":"http:\/\/vinasfm.com\/noticias\/?p=54837"},"modified":"2019-07-03T10:05:43","modified_gmt":"2019-07-03T13:05:43","slug":"focos-de-incendio-en-real-del-padre-y-monte-coman","status":"publish","type":"post","link":"https:\/\/vinasfm.com\/noticias\/focos-de-incendio-en-real-del-padre-y-monte-coman\/","title":{"rendered":"FOCOS DE INCENDIO EN REAL DEL PADRE Y MONTE COM\u00c1N"},"content":{"rendered":"<p>En la jornada del lunes se iniciaron dos focos de incendios en zonas de campo.<\/p>\n<p>El primero de ellos en Monte Com\u00e1n, ubicado en la ruta 171 a unos 2km. al sur del casco urbano distrital. El otro, al norte de Real del Padre en inmediaciones de la ruta.<\/p>\n<p>En este \u00faltimo, por la noche, el fuego estaba muy activo por acci\u00f3n del fuerte viento y habr\u00eda casas pr\u00f3ximas.<\/p>\n<p>AMPLIAREMOS<\/p>\n","protected":false},"excerpt":{"rendered":"<p>En la jornada del lunes se iniciaron dos focos de incendios en zonas de campo. El primero de ellos en Monte &#8230;<\/p>\n","protected":false},"author":5,"featured_media":54839,"comment_status":"open","ping_status":"open","sticky":false,"template":"","format":"standard","meta":{"footnotes":""},"categories":[5],"tags":[],"class_list":["post-54837","post","type-post","status-publish","format-standard","has-post-thumbnail","hentry","category-actualidad"],"_links":{"self":[{"href":"https:\/\/vinasfm.com\/noticias\/wp-json\/wp\/v2\/posts\/54837","targetHints":{"allow":["GET"]}}],"collection":[{"href":"https:\/\/vinasfm.com\/noticias\/wp-json\/wp\/v2\/posts"}],"about":[{"href":"https:\/\/vinasfm.com\/noticias\/wp-json\/wp\/v2\/types\/post"}],"author":[{"embeddable":true,"href":"https:\/\/vinasfm.com\/noticias\/wp-json\/wp\/v2\/users\/5"}],"replies":[{"embeddable":true,"href":"https:\/\/vinasfm.com\/noticias\/wp-json\/wp\/v2\/comments?post=54837"}],"version-history":[{"count":1,"href":"https:\/\/vinasfm.com\/noticias\/wp-json\/wp\/v2\/posts\/54837\/revisions"}],"predecessor-version":[{"id":54840,"href":"https:\/\/vinasfm.com\/noticias\/wp-json\/wp\/v2\/posts\/54837\/revisions\/54840"}],"wp:featuredmedia":[{"embeddable":true,"href":"https:\/\/vinasfm.com\/noticias\/wp-json\/wp\/v2\/media\/54839"}],"wp:attachment":[{"href":"https:\/\/vinasfm.com\/noticias\/wp-json\/wp\/v2\/media?parent=54837"}],"wp:term":[{"taxonomy":"category","embeddable":true,"href":"https:\/\/vinasfm.com\/noticias\/wp-json\/wp\/v2\/categories?post=54837"},{"taxonomy":"post_tag","embeddable":true,"href":"https:\/\/vinasfm.com\/noticias\/wp-json\/wp\/v2\/tags?post=54837"}],"curies":[{"name":"wp","href":"https:\/\/api.w.org\/{rel}","templated":true}]}}