{"id":54814,"date":"2019-07-02T09:48:13","date_gmt":"2019-07-02T12:48:13","guid":{"rendered":"http:\/\/vinasfm.com\/noticias\/?p=54814"},"modified":"2019-07-03T09:40:38","modified_gmt":"2019-07-03T12:40:38","slug":"enviaron-un-pedido-para-que-los-funcionarios-de-irrigacion-no-puedan-cobrar-mas-que-el-gobernador","status":"publish","type":"post","link":"https:\/\/vinasfm.com\/noticias\/enviaron-un-pedido-para-que-los-funcionarios-de-irrigacion-no-puedan-cobrar-mas-que-el-gobernador\/","title":{"rendered":"ENVIARON UN PEDIDO PARA QUE LOS FUNCIONARIOS DE IRRIGACI\u00d3N NO PUEDAN COBRAR M\u00c1S QUE EL GOBERNADOR"},"content":{"rendered":"<h4><strong>El informe publicado en los \u00faltimos d\u00edas sobre los altos sueltos que cobran funcionarios de Irrigaci\u00f3n, gener\u00f3 un esc\u00e1ndalo pol\u00edtico, adem\u00e1s de un importante repudio por parte de los regantes. \u00bfQu\u00e9 medidas tomar\u00e1n desde el organismo?<\/strong><\/h4>\n<p>Durante la jornada del lunes, el Superintendente General de Irrigaci\u00f3n Sergio Marinelli, le envi\u00f3 una nota al gobernador Alfredo Cornejo, solicit\u00e1ndole que eleve un proyecto de ley a la legislatura para que incluya a los funcionarios pol\u00edticos del ente en la \u201cLey de Sueldos provincial\u201d, para darle mayor transparencia.<\/p>\n<p><a href=\"http:\/\/vinasfm.com\/noticias\/wp-content\/uploads\/2019\/07\/tw.jpeg\"><img loading=\"lazy\" decoding=\"async\" class=\"wp-image-54824 aligncenter\" src=\"http:\/\/vinasfm.com\/noticias\/wp-content\/uploads\/2019\/07\/tw-169x300.jpeg\" alt=\"\" width=\"511\" height=\"907\" srcset=\"https:\/\/vinasfm.com\/noticias\/wp-content\/uploads\/2019\/07\/tw-169x300.jpeg 169w, https:\/\/vinasfm.com\/noticias\/wp-content\/uploads\/2019\/07\/tw-576x1024.jpeg 576w, https:\/\/vinasfm.com\/noticias\/wp-content\/uploads\/2019\/07\/tw.jpeg 720w\" sizes=\"auto, (max-width: 511px) 100vw, 511px\" \/><\/a><\/p>\n<h4><strong>\u00bfQU\u00c9 DICE LA DENOMINADA LEY DE SUELDOS PROVINCIAL?<\/strong><\/h4>\n<p>La ley 8.727, que sancion\u00f3 el ex gobernador Francisco P\u00e9rez en octubre de 2014 &#8211; tambi\u00e9n conocida como la ley de topes- fija como l\u00edmite el sueldo del gobernador e incluye en la extensa lista a funcionarios, empleados y contratados de los tres poderes del Estado.<\/p>\n<p>Art\u00edculo 1\u00ba &#8211; <strong>Establ\u00e9cese que ning\u00fan funcionario, empleado o contratado<\/strong>, bajo cualquier modalidad, que preste servicios en el \u00e1mbito del Poder Ejecutivo, Legislativo y Judicial, abarcando la Administraci\u00f3n P\u00fablica Central Provincial, incluyendo sus reparticiones centralizadas, descentralizadas o aut\u00e1rquicas, cuentas especiales o sociedades del Estado o con participaci\u00f3n estatal mayoritaria, <strong>podr\u00e1 percibir una remuneraci\u00f3n<\/strong> y\/o contraprestaci\u00f3n bruta total, bajo cualquier modalidad o concepto, <strong>superior a la remuneraci\u00f3n bruta que legalmente corresponda percibir al cargo de Gobernador de la Provincia<\/strong>, sin perjuicio de las excepciones establecidas en el Art\u00edculo 3 de la presente Ley.<\/p>\n<p><strong>Art\u00edculo 3\u00ba<\/strong> &#8211; <strong>Est\u00e1n exceptuados de la aplicaci\u00f3n de la presente Ley<\/strong> los siguientes funcionarios de rango constitucional: Magistrados (Arts. 150 y 174 de la Constituci\u00f3n de Mendoza), Fiscal de Estado (Art. 177), Asesor de Gobierno (Art. 178), Presidente y Vocales del Tribunal de Cuentas (Art. 184), Contador y Tesorero de la Provincia (Art. 138), <strong>Superintendente y Consejeros del Departamento General de Irrigaci\u00f3n<\/strong> (Art. 188).<\/p>\n<h5><em><strong>A.C. (Redacci\u00f3n F.M. Vi\u00f1as).<\/strong><\/em><\/h5>\n","protected":false},"excerpt":{"rendered":"<p>El informe publicado en los \u00faltimos d\u00edas sobre los altos sueltos que cobran funcionarios de Irrigaci\u00f3n, gener\u00f3 un esc\u00e1ndalo pol\u00edtico, adem\u00e1s &#8230;<\/p>\n","protected":false},"author":5,"featured_media":54830,"comment_status":"open","ping_status":"open","sticky":false,"template":"","format":"standard","meta":{"footnotes":""},"categories":[5,37,7],"tags":[],"class_list":["post-54814","post","type-post","status-publish","format-standard","has-post-thumbnail","hentry","category-actualidad","category-irrigacion","category-politica"],"_links":{"self":[{"href":"https:\/\/vinasfm.com\/noticias\/wp-json\/wp\/v2\/posts\/54814","targetHints":{"allow":["GET"]}}],"collection":[{"href":"https:\/\/vinasfm.com\/noticias\/wp-json\/wp\/v2\/posts"}],"about":[{"href":"https:\/\/vinasfm.com\/noticias\/wp-json\/wp\/v2\/types\/post"}],"author":[{"embeddable":true,"href":"https:\/\/vinasfm.com\/noticias\/wp-json\/wp\/v2\/users\/5"}],"replies":[{"embeddable":true,"href":"https:\/\/vinasfm.com\/noticias\/wp-json\/wp\/v2\/comments?post=54814"}],"version-history":[{"count":1,"href":"https:\/\/vinasfm.com\/noticias\/wp-json\/wp\/v2\/posts\/54814\/revisions"}],"predecessor-version":[{"id":54829,"href":"https:\/\/vinasfm.com\/noticias\/wp-json\/wp\/v2\/posts\/54814\/revisions\/54829"}],"wp:featuredmedia":[{"embeddable":true,"href":"https:\/\/vinasfm.com\/noticias\/wp-json\/wp\/v2\/media\/54830"}],"wp:attachment":[{"href":"https:\/\/vinasfm.com\/noticias\/wp-json\/wp\/v2\/media?parent=54814"}],"wp:term":[{"taxonomy":"category","embeddable":true,"href":"https:\/\/vinasfm.com\/noticias\/wp-json\/wp\/v2\/categories?post=54814"},{"taxonomy":"post_tag","embeddable":true,"href":"https:\/\/vinasfm.com\/noticias\/wp-json\/wp\/v2\/tags?post=54814"}],"curies":[{"name":"wp","href":"https:\/\/api.w.org\/{rel}","templated":true}]}}