{"id":54591,"date":"2019-06-27T08:20:19","date_gmt":"2019-06-27T11:20:19","guid":{"rendered":"http:\/\/vinasfm.com\/noticias\/?p=54591"},"modified":"2019-06-27T08:29:37","modified_gmt":"2019-06-27T11:29:37","slug":"se-analizan-diferentes-iniciativas-para-el-tratamiento-de-residuos-tecnologicos","status":"publish","type":"post","link":"https:\/\/vinasfm.com\/noticias\/se-analizan-diferentes-iniciativas-para-el-tratamiento-de-residuos-tecnologicos\/","title":{"rendered":"SE ANALIZAN DIFERENTES INICIATIVAS PARA EL TRATAMIENTO DE RESIDUOS T\u00c9CNOLOGICOS"},"content":{"rendered":"<h4><strong>Estudian iniciativas referidas al almacenamiento, transporte y tratamiento de residuos electr\u00f3nicos y\/o aparatos tecnol\u00f3gicos<\/strong><\/h4>\n<p>En plenario, legisladores de las comisiones de Ambiente y Obras P\u00fablicas se reunieron con Miriam Skalany,\u00a0 directora de Protecci\u00f3n Ambiental, para estudiar iniciativas referidas a la legislaci\u00f3n sobre almacenamiento, transporte y tratamiento de residuos electr\u00f3nicos en la provincia.<\/p>\n<p>\u201cLa idea es tener un ambiente sano y saber c\u00f3mo se procede\u201d, explic\u00f3 Skalany y remarc\u00f3 que es important\u00edsimo contar con legislaci\u00f3n sobre el tema porque otorga herramientas a la autoridad de aplicaci\u00f3n y permite tomar decisiones en pos de mejorar el ambiente.<\/p>\n<p>La funcionaria indic\u00f3 que la ley recientemente sancionada sobre la deposici\u00f3n de neum\u00e1ticos fuera de uso es un muy buen ejemplo a seguir, y propuso a los legisladores tomarla como marco de referencia.<\/p>\n<p>Hizo hincapi\u00e9 en definir el momento de declarar residuo al elemento electr\u00f3nico o aparato tecnol\u00f3gico, ya que muchas veces estos productos quedan obsoletos pero no son considerados residuos como en otros casos en los que al estar da\u00f1ados si corresponde ese r\u00f3tulo. Por lo tanto, al tener legislaci\u00f3n sobre ello, permite que las empresas dedicadas a estos temas, y por supuesto, los consumidores, sepan cu\u00e1les son los procedimientos espec\u00edficos a seguir.<\/p>\n<p>En este sentido, Skalany puso como ejemplo el procedimiento que se sigue con los residuos patol\u00f3gicos, ya que los mismos tienen protocolos de desecho, transporte y deposici\u00f3n final con sus respectivos tratamientos especiales.<\/p>\n<p>Integrantes de las comisiones pusieron en valor que se est\u00e9n tratando iniciativas que han sido presentadas en Diputados desde hace tiempo y que, con la intenci\u00f3n de mejorar las condiciones de vida y el ambiente en Mendoza, se pueda promover la instalaci\u00f3n de nuevas empresas que realicen estas acciones incentivando el reciclado de productos.<\/p>\n<p>De este modo, los legisladores se abocar\u00e1n al estudio de la pieza legal considerando todas las aristas necesarias para dar alcance a la problem\u00e1tica que se presenta. Asimismo, indicaron que dedicar\u00e1n un espacio de debate para el tratamiento, transporte y destino final de pilas y bater\u00edas, entre otros.<\/p>\n<p>Por su parte, el titular de la comisi\u00f3n de Obras P\u00fablicas, Jorge Sosa (UCR), indic\u00f3 que se ha retomado el tratamiento de tres proyectos que se encontraban en las comisiones y que \u201chemos hecho una s\u00edntesis de los tres\u201d. La idea es ver c\u00f3mo se avanza,\u00a0 \u201cde c\u00f3mo ser\u00eda el proceso para el reciclado o deposici\u00f3n final de estos elementos\u201d, sintetiz\u00f3.<\/p>\n<p>\u201cEn principio los proyectos que est\u00e1n en debate est\u00e1n relacionados con los residuos electr\u00f3nicos o tecnol\u00f3gicos. El objetivo luego, es avanzar tambi\u00e9n en todo lo concerniente a pilas, tomando como base el trabajo que estamos realizando\u201d, agreg\u00f3.<\/p>\n<p>A.C.<\/p>\n","protected":false},"excerpt":{"rendered":"<p>Estudian iniciativas referidas al almacenamiento, transporte y tratamiento de residuos electr\u00f3nicos y\/o aparatos tecnol\u00f3gicos En plenario, legisladores de las comisiones de &#8230;<\/p>\n","protected":false},"author":5,"featured_media":54593,"comment_status":"open","ping_status":"open","sticky":false,"template":"","format":"standard","meta":{"footnotes":""},"categories":[5],"tags":[],"class_list":["post-54591","post","type-post","status-publish","format-standard","has-post-thumbnail","hentry","category-actualidad"],"_links":{"self":[{"href":"https:\/\/vinasfm.com\/noticias\/wp-json\/wp\/v2\/posts\/54591","targetHints":{"allow":["GET"]}}],"collection":[{"href":"https:\/\/vinasfm.com\/noticias\/wp-json\/wp\/v2\/posts"}],"about":[{"href":"https:\/\/vinasfm.com\/noticias\/wp-json\/wp\/v2\/types\/post"}],"author":[{"embeddable":true,"href":"https:\/\/vinasfm.com\/noticias\/wp-json\/wp\/v2\/users\/5"}],"replies":[{"embeddable":true,"href":"https:\/\/vinasfm.com\/noticias\/wp-json\/wp\/v2\/comments?post=54591"}],"version-history":[{"count":1,"href":"https:\/\/vinasfm.com\/noticias\/wp-json\/wp\/v2\/posts\/54591\/revisions"}],"predecessor-version":[{"id":54592,"href":"https:\/\/vinasfm.com\/noticias\/wp-json\/wp\/v2\/posts\/54591\/revisions\/54592"}],"wp:featuredmedia":[{"embeddable":true,"href":"https:\/\/vinasfm.com\/noticias\/wp-json\/wp\/v2\/media\/54593"}],"wp:attachment":[{"href":"https:\/\/vinasfm.com\/noticias\/wp-json\/wp\/v2\/media?parent=54591"}],"wp:term":[{"taxonomy":"category","embeddable":true,"href":"https:\/\/vinasfm.com\/noticias\/wp-json\/wp\/v2\/categories?post=54591"},{"taxonomy":"post_tag","embeddable":true,"href":"https:\/\/vinasfm.com\/noticias\/wp-json\/wp\/v2\/tags?post=54591"}],"curies":[{"name":"wp","href":"https:\/\/api.w.org\/{rel}","templated":true}]}}