{"id":54587,"date":"2019-06-26T07:12:50","date_gmt":"2019-06-26T10:12:50","guid":{"rendered":"http:\/\/vinasfm.com\/noticias\/?p=54587"},"modified":"2019-06-27T10:23:39","modified_gmt":"2019-06-27T13:23:39","slug":"la-federacion-economica-de-mendoza-apoya-suspender-las-paso","status":"publish","type":"post","link":"https:\/\/vinasfm.com\/noticias\/la-federacion-economica-de-mendoza-apoya-suspender-las-paso\/","title":{"rendered":"LA FEDERACI\u00d3N ECON\u00d3MICA DE MENDOZA APOYA SUSPENDER LAS PASO"},"content":{"rendered":"<p><strong>La Federaci\u00f3n Econ\u00f3mica de Mendoza (FEM) public\u00f3 un comunicado de prensa expresando su apoyo al proyecto que busca suspender las PASO nacionales, que tendr\u00e1n lugar el pr\u00f3ximo 11 de agosto.<\/strong><\/p>\n<p>\u00abCreemos en la necesidad de suspender en esta oportunidad estos comicios. Recordemos que su finalidad es dirimir en forma p\u00fablica las internas en cada partido o frente electoral. Sin embargo en aquellos lugares donde se ha arribado a acuerdos para conformar listas \u00fanicas, las PASO pierden su raz\u00f3n de ser ya que no hay competencia ni competidores\u00bb, reza el comunicado.<\/p>\n<p>\u00abLa suspensi\u00f3n permitir\u00eda adem\u00e1s un importante ahorro para el Estado por los conceptos que implica una convocatoria de esta magnitud. Son momentos que exigen austeridad y por ende hay que ser cuidadosos en la administraci\u00f3n de los recursos del Estado. Es por ello que desde la FEM queremos hacerle llegar a las autoridades competentes nuestra posici\u00f3n\u00bb, agrega.<\/p>\n<p>Para finalizar, la FEM expresa que \u00abqueremos dejar en claro que no nos oponemos a las Primarias Abiertas, Simult\u00e1neas y Obligatorias. Somos respetuosos de la ley, pero para esta ocasi\u00f3n y dada la falta de competencia interna entre los partidos y frentes inscriptos, entendemos que es conveniente la suspensi\u00f3n\u00bb.<\/p>\n<p>A.C.<\/p>\n","protected":false},"excerpt":{"rendered":"<p>La Federaci\u00f3n Econ\u00f3mica de Mendoza (FEM) public\u00f3 un comunicado de prensa expresando su apoyo al proyecto que busca suspender las PASO &#8230;<\/p>\n","protected":false},"author":5,"featured_media":627,"comment_status":"open","ping_status":"open","sticky":false,"template":"","format":"standard","meta":{"footnotes":""},"categories":[5],"tags":[],"class_list":["post-54587","post","type-post","status-publish","format-standard","has-post-thumbnail","hentry","category-actualidad"],"_links":{"self":[{"href":"https:\/\/vinasfm.com\/noticias\/wp-json\/wp\/v2\/posts\/54587","targetHints":{"allow":["GET"]}}],"collection":[{"href":"https:\/\/vinasfm.com\/noticias\/wp-json\/wp\/v2\/posts"}],"about":[{"href":"https:\/\/vinasfm.com\/noticias\/wp-json\/wp\/v2\/types\/post"}],"author":[{"embeddable":true,"href":"https:\/\/vinasfm.com\/noticias\/wp-json\/wp\/v2\/users\/5"}],"replies":[{"embeddable":true,"href":"https:\/\/vinasfm.com\/noticias\/wp-json\/wp\/v2\/comments?post=54587"}],"version-history":[{"count":1,"href":"https:\/\/vinasfm.com\/noticias\/wp-json\/wp\/v2\/posts\/54587\/revisions"}],"predecessor-version":[{"id":54588,"href":"https:\/\/vinasfm.com\/noticias\/wp-json\/wp\/v2\/posts\/54587\/revisions\/54588"}],"wp:featuredmedia":[{"embeddable":true,"href":"https:\/\/vinasfm.com\/noticias\/wp-json\/wp\/v2\/media\/627"}],"wp:attachment":[{"href":"https:\/\/vinasfm.com\/noticias\/wp-json\/wp\/v2\/media?parent=54587"}],"wp:term":[{"taxonomy":"category","embeddable":true,"href":"https:\/\/vinasfm.com\/noticias\/wp-json\/wp\/v2\/categories?post=54587"},{"taxonomy":"post_tag","embeddable":true,"href":"https:\/\/vinasfm.com\/noticias\/wp-json\/wp\/v2\/tags?post=54587"}],"curies":[{"name":"wp","href":"https:\/\/api.w.org\/{rel}","templated":true}]}}