{"id":54562,"date":"2019-06-26T08:00:32","date_gmt":"2019-06-26T11:00:32","guid":{"rendered":"http:\/\/vinasfm.com\/noticias\/?p=54562"},"modified":"2019-06-26T09:01:00","modified_gmt":"2019-06-26T12:01:00","slug":"el-gobierno-amplio-de-lunes-a-domingo-el-ahora-12-y-sumo-nuevos-rubros","status":"publish","type":"post","link":"https:\/\/vinasfm.com\/noticias\/el-gobierno-amplio-de-lunes-a-domingo-el-ahora-12-y-sumo-nuevos-rubros\/","title":{"rendered":"EL GOBIERNO AMPLI\u00d3 DE LUNES A DOMINGO EL AHORA 12 Y SUM\u00d3 NUEVOS RUBROS"},"content":{"rendered":"<h4><strong>Con el objetivo de fomentar el consumo y la producci\u00f3n nacional de bienes y servicios, el<\/strong>\u00a0<strong style=\"font-style: inherit;\">Gobierno nacional ampli\u00f3 a todos los d\u00edas de la semana la posibilidad de concretar compras en cuotas<\/strong>\u00a0<strong>a trav\u00e9s de los<\/strong>\u00a0<strong style=\"font-style: inherit;\">programa Ahora 3, Ahora 6, Ahora 12 y Ahora 18<\/strong>.<\/h4>\n<p>As\u00ed lo anunci\u00f3 en la tarde de este martes <strong>el\u00a0secretario de Comercio Interior<\/strong>,\u00a0<strong style=\"font-style: inherit;\">Ignacio Werner<\/strong>,\u00a0durante un contacto que mantuvo con la prensa en la sede de la cartera de <strong>Producci\u00f3n<\/strong>.<\/p>\n<p>El funcionario\u00a0confirm\u00f3\u00a0que la resoluci\u00f3n fue firmada este martes las modificaciones y asegur\u00f3 que la resoluci\u00f3n\u00a0<strong style=\"font-style: inherit;\">saldr\u00e1 en el Bolet\u00edn Oficial de este mi\u00e9rcoles<\/strong>.<\/p>\n<p>De esta manera,\u00a0<strong style=\"font-style: inherit;\">el programa Ahora 12 se podr\u00e1 utilizar de lunes a domingo en los rubros adheridos hasta el 31 de diciembre<\/strong>.<\/p>\n<p>Vale aclarar que hasta el momento, el plan solo estaba disponible de\u00a0jueves a domingos.<\/p>\n<p>Entre otras novedades, el programa de ventas en cuotas sum\u00f3 el\u00a0<strong style=\"font-style: inherit;\">rubro \u201c<em>peque\u00f1os electrodom\u00e9sticos y perfumer\u00eda<\/em>\u201d<\/strong>, al tiempo que las tiendas de rubros generales (entre ellas, las grandes cadenas de supermercados)\u00a0<strong style=\"font-style: inherit;\">tambi\u00e9n podr\u00e1n ofrecer colchones y televisores a trav\u00e9s del Ahora 12<\/strong>.<\/p>\n<p>A partir de ahora <strong>se podr\u00e1\u00a0volver\u00a0a comprar en cuotas sin inter\u00e9s los siguientes rubros<\/strong>: <em>l\u00ednea blanca, TV, muebles, indumentaria, calzado y marroquiner\u00eda, materiales, herramientas para la construcci\u00f3n, bicicletas, motos, turismo, colchones, libros, art\u00edculos de librer\u00eda, anteojos, celulares 4G, juguetes, juegos de mesa, computadoras, notebooks y tablets, neum\u00e1ticos, accesorios, repuestos para autos y motos, artefactos de iluminaci\u00f3n y de tecnolog\u00eda LED (solo hasta 6 cuotas), peque\u00f1os electrodom\u00e9sticos, perfumer\u00eda e instrumentos musicales<\/em>.<\/p>\n<h5><em>F.B. (F.M. Vi\u00f1as).<\/em><\/h5>\n","protected":false},"excerpt":{"rendered":"<p>Con el objetivo de fomentar el consumo y la producci\u00f3n nacional de bienes y servicios, el\u00a0Gobierno nacional ampli\u00f3 a todos los &#8230;<\/p>\n","protected":false},"author":5,"featured_media":51905,"comment_status":"open","ping_status":"open","sticky":false,"template":"","format":"standard","meta":{"footnotes":""},"categories":[5,16],"tags":[],"class_list":["post-54562","post","type-post","status-publish","format-standard","has-post-thumbnail","hentry","category-actualidad","category-economia"],"_links":{"self":[{"href":"https:\/\/vinasfm.com\/noticias\/wp-json\/wp\/v2\/posts\/54562","targetHints":{"allow":["GET"]}}],"collection":[{"href":"https:\/\/vinasfm.com\/noticias\/wp-json\/wp\/v2\/posts"}],"about":[{"href":"https:\/\/vinasfm.com\/noticias\/wp-json\/wp\/v2\/types\/post"}],"author":[{"embeddable":true,"href":"https:\/\/vinasfm.com\/noticias\/wp-json\/wp\/v2\/users\/5"}],"replies":[{"embeddable":true,"href":"https:\/\/vinasfm.com\/noticias\/wp-json\/wp\/v2\/comments?post=54562"}],"version-history":[{"count":1,"href":"https:\/\/vinasfm.com\/noticias\/wp-json\/wp\/v2\/posts\/54562\/revisions"}],"predecessor-version":[{"id":54563,"href":"https:\/\/vinasfm.com\/noticias\/wp-json\/wp\/v2\/posts\/54562\/revisions\/54563"}],"wp:featuredmedia":[{"embeddable":true,"href":"https:\/\/vinasfm.com\/noticias\/wp-json\/wp\/v2\/media\/51905"}],"wp:attachment":[{"href":"https:\/\/vinasfm.com\/noticias\/wp-json\/wp\/v2\/media?parent=54562"}],"wp:term":[{"taxonomy":"category","embeddable":true,"href":"https:\/\/vinasfm.com\/noticias\/wp-json\/wp\/v2\/categories?post=54562"},{"taxonomy":"post_tag","embeddable":true,"href":"https:\/\/vinasfm.com\/noticias\/wp-json\/wp\/v2\/tags?post=54562"}],"curies":[{"name":"wp","href":"https:\/\/api.w.org\/{rel}","templated":true}]}}