{"id":54558,"date":"2019-06-26T08:56:38","date_gmt":"2019-06-26T11:56:38","guid":{"rendered":"http:\/\/vinasfm.com\/noticias\/?p=54558"},"modified":"2019-06-26T08:56:38","modified_gmt":"2019-06-26T11:56:38","slug":"detuvieron-a-un-joven-que-robo-una-bomba-de-agua-en-real-del-padre","status":"publish","type":"post","link":"https:\/\/vinasfm.com\/noticias\/detuvieron-a-un-joven-que-robo-una-bomba-de-agua-en-real-del-padre\/","title":{"rendered":"DETUVIERON A UN JOVEN QUE ROB\u00d3 UNA BOMBA DE AGUA EN REAL DEL PADRE"},"content":{"rendered":"<h4><strong>Un il\u00edcito contra la propiedad se registr\u00f3 este martes en Real del Padre cuando un ciudadano sufri\u00f3 el robo de una bomba de agua centr\u00edfuga. Tras importante operativo se recuper\u00f3 lo robado.<\/strong><\/h4>\n<p>Seg\u00fan informaron fuentes policiales de la <strong>Distrital II<\/strong>, un vecino del mencionado distrito constat\u00f3 al arribar a un galp\u00f3n de su propiedad que <strong>autores ignorados le hab\u00edan robado una bomba de agua centr\u00edfuga<\/strong>. Para lograr su cometido, <strong>los delincuentes forzaron y levantaron una de las puertas del galp\u00f3n<\/strong>.<\/p>\n<p>Agentes policiales pertenecientes a <strong>Investigaciones<\/strong> junto con cuerpo de <strong>Canes<\/strong>, mediante orden judicial, a <strong>registraron una vivienda cercana al escenario del hecho con resultado positivo<\/strong>. En el lugar <strong>secuestraron el elemento sustra\u00eddo<\/strong> y <strong>aprehendieron a un joven<\/strong> (<strong>22<\/strong>) <strong>identificado como autor del delito<\/strong>.<\/p>\n<p>Se realizaron las correspondientes actuaciones dando lugar a una causa caratulada como \u201c<strong><em>Averiguaci\u00f3n Robo<\/em><\/strong>\u201d que qued\u00f3 asentada en <strong>Comisar\u00eda 26\u00b0<\/strong> de Villa Atuel.<\/p>\n<h5><em>F.B. (Redacci\u00f3n F.M. Vi\u00f1as).<\/em><\/h5>\n","protected":false},"excerpt":{"rendered":"<p>Un il\u00edcito contra la propiedad se registr\u00f3 este martes en Real del Padre cuando un ciudadano sufri\u00f3 el robo de una &#8230;<\/p>\n","protected":false},"author":5,"featured_media":42193,"comment_status":"open","ping_status":"open","sticky":false,"template":"","format":"standard","meta":{"footnotes":""},"categories":[5,4],"tags":[],"class_list":["post-54558","post","type-post","status-publish","format-standard","has-post-thumbnail","hentry","category-actualidad","category-policiales"],"_links":{"self":[{"href":"https:\/\/vinasfm.com\/noticias\/wp-json\/wp\/v2\/posts\/54558","targetHints":{"allow":["GET"]}}],"collection":[{"href":"https:\/\/vinasfm.com\/noticias\/wp-json\/wp\/v2\/posts"}],"about":[{"href":"https:\/\/vinasfm.com\/noticias\/wp-json\/wp\/v2\/types\/post"}],"author":[{"embeddable":true,"href":"https:\/\/vinasfm.com\/noticias\/wp-json\/wp\/v2\/users\/5"}],"replies":[{"embeddable":true,"href":"https:\/\/vinasfm.com\/noticias\/wp-json\/wp\/v2\/comments?post=54558"}],"version-history":[{"count":1,"href":"https:\/\/vinasfm.com\/noticias\/wp-json\/wp\/v2\/posts\/54558\/revisions"}],"predecessor-version":[{"id":54561,"href":"https:\/\/vinasfm.com\/noticias\/wp-json\/wp\/v2\/posts\/54558\/revisions\/54561"}],"wp:featuredmedia":[{"embeddable":true,"href":"https:\/\/vinasfm.com\/noticias\/wp-json\/wp\/v2\/media\/42193"}],"wp:attachment":[{"href":"https:\/\/vinasfm.com\/noticias\/wp-json\/wp\/v2\/media?parent=54558"}],"wp:term":[{"taxonomy":"category","embeddable":true,"href":"https:\/\/vinasfm.com\/noticias\/wp-json\/wp\/v2\/categories?post=54558"},{"taxonomy":"post_tag","embeddable":true,"href":"https:\/\/vinasfm.com\/noticias\/wp-json\/wp\/v2\/tags?post=54558"}],"curies":[{"name":"wp","href":"https:\/\/api.w.org\/{rel}","templated":true}]}}