{"id":54554,"date":"2019-06-26T08:36:03","date_gmt":"2019-06-26T11:36:03","guid":{"rendered":"http:\/\/vinasfm.com\/noticias\/?p=54554"},"modified":"2019-06-27T10:13:56","modified_gmt":"2019-06-27T13:13:56","slug":"el-bloque-justicialista-ratifico-su-postura-en-contra-del-fracking","status":"publish","type":"post","link":"https:\/\/vinasfm.com\/noticias\/el-bloque-justicialista-ratifico-su-postura-en-contra-del-fracking\/","title":{"rendered":"EL BLOQUE JUSTICIALISTA RATIFIC\u00d3 SU POSTURA EN CONTRA DEL FRACKING"},"content":{"rendered":"<h4><strong>Los Concejales Gustavo Vendramin y Javier Garc\u00eda\u00a0 informaron sobre la presentaci\u00f3n de un nuevo proyecto de resoluci\u00f3n emitido por el Bloque PJ, en apoyo a la iniciativa de los Diputados Provinciales que solicitaron Sesi\u00f3n Especial para el tratamiento de un proyecto de Ley que proh\u00edbe la explotaci\u00f3n del FRACKING en todo el territorio de la Provincia de Mendoza.\u00a0 \u00a0 \u00a0 \u00a0 \u00a0 \u00a0 \u00a0 \u00a0 \u00a0 \u00a0 \u00a0 \u00a0 \u00a0 \u00a0 \u00a0 \u00a0 \u00a0 \u00a0 \u00a0 \u00a0 \u00a0 \u00a0 \u00a0\u00a0<\/strong><\/h4>\n<p>\u201c<em>Nosotros seguimos manifestando y exponiendo nuestra postura en contra de este sistema extractivo Fracking en nuestro territorio Mendocino, entendemos que esto no es una manifestaci\u00f3n aislada, hay m\u00e1s de 40mil firmas que vienen proponiendo este tipo de restricciones por eso continuamos rechazando este sistema, en defensa del Agua y sistema productivo<\/em>\u201d, manifest\u00f3 <strong>Javier Garc\u00eda<\/strong>.<\/p>\n<p>Adem\u00e1s, <strong>Gustavo Vendramin<\/strong> explic\u00f3 que \u201c<em>Tambi\u00e9n en nuestro proyecto pedimos al Intendente Walther Marcolini que fije una posici\u00f3n y postura clara con respecto al tema del fracking, necesitamos que como representante de los 40.000 alvearenses, fije la posici\u00f3n pol\u00edtica de la comuna de General Alvear<\/em>\u201d.<\/p>\n<p><strong>Los autores de esta iniciativa son 7 Diputados de la Provincia<\/strong>, que tiene como objetivo la preservaci\u00f3n y cuidado del ambiente. Sumado a esto, desde el Bloque PJ local argumentan que \u201c<em>el pueblo de General Alvear y de gran parte de la Provincia de Mendoza se ha expedido claramente en favor del cuidado del agua como elemento b\u00e1sico para la vida del planeta; y desde todos los estamentos del Estado se deben poner los esfuerzos necesarios para lograr poner freno a este tipo de explotaci\u00f3n que atenta contra el cuidado de medio ambiente\u201d.<\/em><\/p>\n<p>El proyecto de resoluci\u00f3n tomar\u00e1 estado legislativo el pr\u00f3ximo jueves <strong>en Sesi\u00f3n Ordinaria del Concejo Deliberante <\/strong>donde los ediles pondr\u00e1n de manifiesto su postura en el recinto.<\/p>\n<h5><em>F.B. (F.M. Vi\u00f1as).<\/em><\/h5>\n","protected":false},"excerpt":{"rendered":"<p>Los Concejales Gustavo Vendramin y Javier Garc\u00eda\u00a0 informaron sobre la presentaci\u00f3n de un nuevo proyecto de resoluci\u00f3n emitido por el Bloque &#8230;<\/p>\n","protected":false},"author":5,"featured_media":54555,"comment_status":"open","ping_status":"open","sticky":false,"template":"","format":"standard","meta":{"footnotes":""},"categories":[5,7],"tags":[],"class_list":["post-54554","post","type-post","status-publish","format-standard","has-post-thumbnail","hentry","category-actualidad","category-politica"],"_links":{"self":[{"href":"https:\/\/vinasfm.com\/noticias\/wp-json\/wp\/v2\/posts\/54554","targetHints":{"allow":["GET"]}}],"collection":[{"href":"https:\/\/vinasfm.com\/noticias\/wp-json\/wp\/v2\/posts"}],"about":[{"href":"https:\/\/vinasfm.com\/noticias\/wp-json\/wp\/v2\/types\/post"}],"author":[{"embeddable":true,"href":"https:\/\/vinasfm.com\/noticias\/wp-json\/wp\/v2\/users\/5"}],"replies":[{"embeddable":true,"href":"https:\/\/vinasfm.com\/noticias\/wp-json\/wp\/v2\/comments?post=54554"}],"version-history":[{"count":1,"href":"https:\/\/vinasfm.com\/noticias\/wp-json\/wp\/v2\/posts\/54554\/revisions"}],"predecessor-version":[{"id":54557,"href":"https:\/\/vinasfm.com\/noticias\/wp-json\/wp\/v2\/posts\/54554\/revisions\/54557"}],"wp:featuredmedia":[{"embeddable":true,"href":"https:\/\/vinasfm.com\/noticias\/wp-json\/wp\/v2\/media\/54555"}],"wp:attachment":[{"href":"https:\/\/vinasfm.com\/noticias\/wp-json\/wp\/v2\/media?parent=54554"}],"wp:term":[{"taxonomy":"category","embeddable":true,"href":"https:\/\/vinasfm.com\/noticias\/wp-json\/wp\/v2\/categories?post=54554"},{"taxonomy":"post_tag","embeddable":true,"href":"https:\/\/vinasfm.com\/noticias\/wp-json\/wp\/v2\/tags?post=54554"}],"curies":[{"name":"wp","href":"https:\/\/api.w.org\/{rel}","templated":true}]}}