{"id":54322,"date":"2019-06-21T09:12:39","date_gmt":"2019-06-21T12:12:39","guid":{"rendered":"http:\/\/vinasfm.com\/noticias\/?p=54322"},"modified":"2019-06-21T09:12:39","modified_gmt":"2019-06-21T12:12:39","slug":"se-descubrio-una-placa-conmemorando-los-12-anos-de-la-ley-del-pueblo","status":"publish","type":"post","link":"https:\/\/vinasfm.com\/noticias\/se-descubrio-una-placa-conmemorando-los-12-anos-de-la-ley-del-pueblo\/","title":{"rendered":"SE DESCUBRI\u00d3 UNA PLACA CONMEMORANDO LOS 12 A\u00d1OS DE \u00abLA LEY DEL PUEBLO\u00bb"},"content":{"rendered":"<h4><strong>Diferentes actividades se realizaron en conmemoraci\u00f3n de los 12 a\u00f1os de la sanci\u00f3n de la \u201cLey del pueblo 7.722\u201d. Charlas informativas, la colocaci\u00f3n de una placa recordatoria y un almuerzo con diferentes sectores completaron la jornada.<\/strong><\/h4>\n<p>\u201cPasaron 12 a\u00f1os pero desde aquel momento la lucha contin\u00faa, siempre existen los embates para derogar y modificar la Ley 7.722. Tenemos que estar atentos para defenderla de la mejor manera posible\u201d reflej\u00f3 Adolfo Nieto, referente de la Multisectorial alvearense.<\/p>\n<p>\u201cEl pueblo alvearense tiene que sentirse orgulloso de haber sido el propulsor de un instrumento legal que protege el agua\u201d se\u00f1al\u00f3 el ambientalista Alberto Kobayashi, mientras destacaba que \u201cen Alvear en esta lucha participaron todos\u201d.<\/p>\n<p>Una placa conmemorativa fue colocada en las instalaciones de la Municipalidad junto al hist\u00f3rico mural de \u201cConcient\u00edzate\u201d.<\/p>\n<p>Durante la jornada tambi\u00e9n se hizo referencia a la amenaza del fracking.<\/p>\n<p><a href=\"http:\/\/vinasfm.com\/noticias\/wp-content\/uploads\/2019\/06\/7722-bandera.jpeg\">\u00a0<\/a> <a href=\"http:\/\/vinasfm.com\/noticias\/wp-content\/uploads\/2019\/06\/placa-7722.jpg\"><img loading=\"lazy\" decoding=\"async\" class=\"size-medium wp-image-54328 aligncenter\" src=\"http:\/\/vinasfm.com\/noticias\/wp-content\/uploads\/2019\/06\/placa-7722-300x225.jpg\" alt=\"\" width=\"300\" height=\"225\" srcset=\"https:\/\/vinasfm.com\/noticias\/wp-content\/uploads\/2019\/06\/placa-7722-300x225.jpg 300w, https:\/\/vinasfm.com\/noticias\/wp-content\/uploads\/2019\/06\/placa-7722-768x576.jpg 768w, https:\/\/vinasfm.com\/noticias\/wp-content\/uploads\/2019\/06\/placa-7722.jpg 960w\" sizes=\"auto, (max-width: 300px) 100vw, 300px\" \/> <\/a><a href=\"http:\/\/vinasfm.com\/noticias\/wp-content\/uploads\/2019\/06\/7722.jpeg\"><img loading=\"lazy\" decoding=\"async\" class=\"wp-image-54326 aligncenter\" src=\"http:\/\/vinasfm.com\/noticias\/wp-content\/uploads\/2019\/06\/7722-300x169.jpeg\" alt=\"\" width=\"398\" height=\"224\" srcset=\"https:\/\/vinasfm.com\/noticias\/wp-content\/uploads\/2019\/06\/7722-300x169.jpeg 300w, https:\/\/vinasfm.com\/noticias\/wp-content\/uploads\/2019\/06\/7722-768x432.jpeg 768w, https:\/\/vinasfm.com\/noticias\/wp-content\/uploads\/2019\/06\/7722-1024x576.jpeg 1024w, https:\/\/vinasfm.com\/noticias\/wp-content\/uploads\/2019\/06\/7722-750x420.jpeg 750w, https:\/\/vinasfm.com\/noticias\/wp-content\/uploads\/2019\/06\/7722-1140x641.jpeg 1140w, https:\/\/vinasfm.com\/noticias\/wp-content\/uploads\/2019\/06\/7722.jpeg 1280w\" sizes=\"auto, (max-width: 398px) 100vw, 398px\" \/><\/a><\/p>\n<h5><em><strong>A.C. (Redacci\u00f3n F.M. Vi\u00f1as)<\/strong><\/em><\/h5>\n","protected":false},"excerpt":{"rendered":"<p>Diferentes actividades se realizaron en conmemoraci\u00f3n de los 12 a\u00f1os de la sanci\u00f3n de la \u201cLey del pueblo 7.722\u201d. Charlas informativas, &#8230;<\/p>\n","protected":false},"author":5,"featured_media":54327,"comment_status":"open","ping_status":"open","sticky":false,"template":"","format":"standard","meta":{"footnotes":""},"categories":[1],"tags":[],"class_list":["post-54322","post","type-post","status-publish","format-standard","has-post-thumbnail","hentry","category-fmvinas"],"_links":{"self":[{"href":"https:\/\/vinasfm.com\/noticias\/wp-json\/wp\/v2\/posts\/54322","targetHints":{"allow":["GET"]}}],"collection":[{"href":"https:\/\/vinasfm.com\/noticias\/wp-json\/wp\/v2\/posts"}],"about":[{"href":"https:\/\/vinasfm.com\/noticias\/wp-json\/wp\/v2\/types\/post"}],"author":[{"embeddable":true,"href":"https:\/\/vinasfm.com\/noticias\/wp-json\/wp\/v2\/users\/5"}],"replies":[{"embeddable":true,"href":"https:\/\/vinasfm.com\/noticias\/wp-json\/wp\/v2\/comments?post=54322"}],"version-history":[{"count":1,"href":"https:\/\/vinasfm.com\/noticias\/wp-json\/wp\/v2\/posts\/54322\/revisions"}],"predecessor-version":[{"id":54330,"href":"https:\/\/vinasfm.com\/noticias\/wp-json\/wp\/v2\/posts\/54322\/revisions\/54330"}],"wp:featuredmedia":[{"embeddable":true,"href":"https:\/\/vinasfm.com\/noticias\/wp-json\/wp\/v2\/media\/54327"}],"wp:attachment":[{"href":"https:\/\/vinasfm.com\/noticias\/wp-json\/wp\/v2\/media?parent=54322"}],"wp:term":[{"taxonomy":"category","embeddable":true,"href":"https:\/\/vinasfm.com\/noticias\/wp-json\/wp\/v2\/categories?post=54322"},{"taxonomy":"post_tag","embeddable":true,"href":"https:\/\/vinasfm.com\/noticias\/wp-json\/wp\/v2\/tags?post=54322"}],"curies":[{"name":"wp","href":"https:\/\/api.w.org\/{rel}","templated":true}]}}