{"id":54316,"date":"2019-06-21T09:10:18","date_gmt":"2019-06-21T12:10:18","guid":{"rendered":"http:\/\/vinasfm.com\/noticias\/?p=54316"},"modified":"2019-06-21T10:23:03","modified_gmt":"2019-06-21T13:23:03","slug":"se-realizaron-en-alvear-oeste-los-actos-oficiales-por-el-dia-de-la-bandera","status":"publish","type":"post","link":"https:\/\/vinasfm.com\/noticias\/se-realizaron-en-alvear-oeste-los-actos-oficiales-por-el-dia-de-la-bandera\/","title":{"rendered":"SE REALIZARON EN ALVEAR OESTE LOS ACTOS OFICIALES POR EL D\u00cdA DE LA BANDERA"},"content":{"rendered":"<h4><strong>En la ma\u00f1ana de este jueves 20 de junio tuvo lugar el acto oficial por el D\u00eda de la Bandera en conmemoraci\u00f3n de su creador, Manuel Belgrano, en el distrito de Alvear Oeste.<\/strong><\/h4>\n<p>Con la presencia del Intendente Municipal Walther Marcolini, funcionarios p\u00fablicos, legisladores, concejales y soberanas se llevaron a cabo las actividades oficiales en el marco de la celebraci\u00f3n de esta jornada patria.<\/p>\n<p>A las <strong>10:30h<\/strong> se desarroll\u00f3 el tradicional <strong>desayuno patri\u00f3tico <\/strong>en la <strong>Biblioteca<\/strong> oestina <strong>\u201cCarlos Mar\u00eda de Alvear\u201d<\/strong>.<\/p>\n<p>Minutos despu\u00e9s de las <strong>11:00h<\/strong> alumnos de 4\u00b0 de las escuelas <strong>G\u00fcemes<\/strong>, <strong>Juan 23<\/strong> y <strong>R\u00edos Mendocinos<\/strong> se dieron cita en la plaza Manuel Belgrano para compartir la <strong>promesa a la ense\u00f1a patria<\/strong> y ser part\u00edcipes del encuentro con la historia de uno de los pr\u00f3ceres m\u00e1s c\u00e9lebres de nuestro pa\u00eds. Adem\u00e1s se cont\u00f3 con la presencia de otras delegaciones escolares.<\/p>\n<p>El Jefe Comunal realiz\u00f3 una importante rese\u00f1a hist\u00f3rica de la vida del creador de la Bandera Nacional resaltando el aporte necesario de sus pensamientos y acciones para lograr la tan anhelada emancipaci\u00f3n. <strong>Marcolini<\/strong> subray\u00f3 que \u201c<em>Belgrano junto con San Mart\u00edn fueron los hombres que fundaron nuestra naci\u00f3n d\u00e1ndonos la identidad que nos representa. Fueron personas con aciertos y errores que supieron disponerse totalmente a la cruzada por la libertad\u201d.<\/em><\/p>\n<p>Por su parte <strong>Mariano Varela<\/strong>, <strong>Delegado de Alvear Oeste<\/strong> se\u00f1al\u00f3: \u201c<em>Fue muy emocionante el Himno, las banderas, el reconocimiento a Belgrano, su historia, su legado, es un d\u00eda muy lindo, muchos vecinos se han acercado y por suerte nos acompa\u00f1\u00f3 el clima\u201d.<\/em><\/p>\n<p style=\"font-weight: 400;\">El Delgado agradeci\u00f3 el trabajo del artista <strong>Lucas Contreras<\/strong>, quien acondicion\u00f3 el busto del pr\u00f3cer Manuel Belgrano en la plaza de Alvear Oeste.<\/p>\n<p style=\"font-weight: 400;\">Respecto a la remodelaci\u00f3n de la plaza dijo que los trabajos est\u00e1n activos en el cuarto Suroeste, donde se ha elevado el terreno 30cm, se est\u00e1n arreglando los pasillos, se est\u00e1n colocando los hierros, la semana pr\u00f3xima se colocar\u00e1 el adoquinado y tendr\u00e1 alumbrado Led. \u201c<em>El Hashtag Oeste est\u00e1 muy bello para que lo disfruten todos los oestinos y visitantes<\/em>\u201d, culmin\u00f3 <strong>Varela<\/strong>.<\/p>\n<h4><strong>FOTOGALER\u00cdA:<\/strong><\/h4>\n<p><a href=\"http:\/\/vinasfm.com\/noticias\/wp-content\/uploads\/2019\/06\/96e15d31-594f-4ef6-9cbd-01ebb5c131c0.jpg\"><img loading=\"lazy\" decoding=\"async\" class=\" wp-image-54318 aligncenter\" src=\"http:\/\/vinasfm.com\/noticias\/wp-content\/uploads\/2019\/06\/96e15d31-594f-4ef6-9cbd-01ebb5c131c0-300x169.jpg\" alt=\"\" width=\"568\" height=\"320\" srcset=\"https:\/\/vinasfm.com\/noticias\/wp-content\/uploads\/2019\/06\/96e15d31-594f-4ef6-9cbd-01ebb5c131c0-300x169.jpg 300w, https:\/\/vinasfm.com\/noticias\/wp-content\/uploads\/2019\/06\/96e15d31-594f-4ef6-9cbd-01ebb5c131c0-768x432.jpg 768w, https:\/\/vinasfm.com\/noticias\/wp-content\/uploads\/2019\/06\/96e15d31-594f-4ef6-9cbd-01ebb5c131c0-1024x576.jpg 1024w, https:\/\/vinasfm.com\/noticias\/wp-content\/uploads\/2019\/06\/96e15d31-594f-4ef6-9cbd-01ebb5c131c0.jpg 1032w\" sizes=\"auto, (max-width: 568px) 100vw, 568px\" \/><\/a> <a href=\"http:\/\/vinasfm.com\/noticias\/wp-content\/uploads\/2019\/06\/a72654af-4e7a-49f6-aacf-bb38e803e82b.jpg\"><img loading=\"lazy\" decoding=\"async\" class=\" wp-image-54319 aligncenter\" src=\"http:\/\/vinasfm.com\/noticias\/wp-content\/uploads\/2019\/06\/a72654af-4e7a-49f6-aacf-bb38e803e82b-300x169.jpg\" alt=\"\" width=\"533\" height=\"300\" srcset=\"https:\/\/vinasfm.com\/noticias\/wp-content\/uploads\/2019\/06\/a72654af-4e7a-49f6-aacf-bb38e803e82b-300x169.jpg 300w, https:\/\/vinasfm.com\/noticias\/wp-content\/uploads\/2019\/06\/a72654af-4e7a-49f6-aacf-bb38e803e82b-768x432.jpg 768w, https:\/\/vinasfm.com\/noticias\/wp-content\/uploads\/2019\/06\/a72654af-4e7a-49f6-aacf-bb38e803e82b-1024x576.jpg 1024w, https:\/\/vinasfm.com\/noticias\/wp-content\/uploads\/2019\/06\/a72654af-4e7a-49f6-aacf-bb38e803e82b.jpg 1032w\" sizes=\"auto, (max-width: 533px) 100vw, 533px\" \/><\/a> <a href=\"http:\/\/vinasfm.com\/noticias\/wp-content\/uploads\/2019\/06\/bander-300x300.jpg\"><img loading=\"lazy\" decoding=\"async\" class=\" wp-image-54320 aligncenter\" src=\"http:\/\/vinasfm.com\/noticias\/wp-content\/uploads\/2019\/06\/bander-300x300.jpg\" alt=\"\" width=\"512\" height=\"512\" srcset=\"https:\/\/vinasfm.com\/noticias\/wp-content\/uploads\/2019\/06\/bander-300x300.jpg 300w, https:\/\/vinasfm.com\/noticias\/wp-content\/uploads\/2019\/06\/bander-300x300-150x150.jpg 150w\" sizes=\"auto, (max-width: 512px) 100vw, 512px\" \/><\/a><\/p>\n<p><a href=\"http:\/\/vinasfm.com\/noticias\/wp-content\/uploads\/2019\/06\/57c637e1-1d7d-4ceb-928b-6b4829d68faa.jpg\"><img loading=\"lazy\" decoding=\"async\" class=\" wp-image-54323 aligncenter\" src=\"http:\/\/vinasfm.com\/noticias\/wp-content\/uploads\/2019\/06\/57c637e1-1d7d-4ceb-928b-6b4829d68faa-300x169.jpg\" alt=\"\" width=\"524\" height=\"295\" srcset=\"https:\/\/vinasfm.com\/noticias\/wp-content\/uploads\/2019\/06\/57c637e1-1d7d-4ceb-928b-6b4829d68faa-300x169.jpg 300w, https:\/\/vinasfm.com\/noticias\/wp-content\/uploads\/2019\/06\/57c637e1-1d7d-4ceb-928b-6b4829d68faa-768x432.jpg 768w, https:\/\/vinasfm.com\/noticias\/wp-content\/uploads\/2019\/06\/57c637e1-1d7d-4ceb-928b-6b4829d68faa-1024x576.jpg 1024w, https:\/\/vinasfm.com\/noticias\/wp-content\/uploads\/2019\/06\/57c637e1-1d7d-4ceb-928b-6b4829d68faa.jpg 1032w\" sizes=\"auto, (max-width: 524px) 100vw, 524px\" \/><\/a><\/p>\n<h5><em>F.B. (Redacci\u00f3n F.M. Vi\u00f1as).<\/em><\/h5>\n","protected":false},"excerpt":{"rendered":"<p>En la ma\u00f1ana de este jueves 20 de junio tuvo lugar el acto oficial por el D\u00eda de la Bandera en &#8230;<\/p>\n","protected":false},"author":5,"featured_media":54317,"comment_status":"open","ping_status":"open","sticky":false,"template":"","format":"standard","meta":{"footnotes":""},"categories":[1],"tags":[],"class_list":["post-54316","post","type-post","status-publish","format-standard","has-post-thumbnail","hentry","category-fmvinas"],"_links":{"self":[{"href":"https:\/\/vinasfm.com\/noticias\/wp-json\/wp\/v2\/posts\/54316","targetHints":{"allow":["GET"]}}],"collection":[{"href":"https:\/\/vinasfm.com\/noticias\/wp-json\/wp\/v2\/posts"}],"about":[{"href":"https:\/\/vinasfm.com\/noticias\/wp-json\/wp\/v2\/types\/post"}],"author":[{"embeddable":true,"href":"https:\/\/vinasfm.com\/noticias\/wp-json\/wp\/v2\/users\/5"}],"replies":[{"embeddable":true,"href":"https:\/\/vinasfm.com\/noticias\/wp-json\/wp\/v2\/comments?post=54316"}],"version-history":[{"count":2,"href":"https:\/\/vinasfm.com\/noticias\/wp-json\/wp\/v2\/posts\/54316\/revisions"}],"predecessor-version":[{"id":54347,"href":"https:\/\/vinasfm.com\/noticias\/wp-json\/wp\/v2\/posts\/54316\/revisions\/54347"}],"wp:featuredmedia":[{"embeddable":true,"href":"https:\/\/vinasfm.com\/noticias\/wp-json\/wp\/v2\/media\/54317"}],"wp:attachment":[{"href":"https:\/\/vinasfm.com\/noticias\/wp-json\/wp\/v2\/media?parent=54316"}],"wp:term":[{"taxonomy":"category","embeddable":true,"href":"https:\/\/vinasfm.com\/noticias\/wp-json\/wp\/v2\/categories?post=54316"},{"taxonomy":"post_tag","embeddable":true,"href":"https:\/\/vinasfm.com\/noticias\/wp-json\/wp\/v2\/tags?post=54316"}],"curies":[{"name":"wp","href":"https:\/\/api.w.org\/{rel}","templated":true}]}}