{"id":54172,"date":"2019-06-17T12:06:07","date_gmt":"2019-06-17T15:06:07","guid":{"rendered":"http:\/\/vinasfm.com\/noticias\/?p=54172"},"modified":"2019-06-18T10:01:46","modified_gmt":"2019-06-18T13:01:46","slug":"miguel-angel-cherutti-engalano-el-escenario-del-antonio-lafalla","status":"publish","type":"post","link":"https:\/\/vinasfm.com\/noticias\/miguel-angel-cherutti-engalano-el-escenario-del-antonio-lafalla\/","title":{"rendered":"MIGUEL \u00c1NGEL CHERUTTI ENGALAN\u00d3 EL ESCENARIO DEL ANTONIO LAFALLA"},"content":{"rendered":"<h4><strong>Nuestro departamento vive la cultura intensamente desde que el Cine Teatro Antonio Lafalla abri\u00f3 sus puertas, hasta aqu\u00ed han llegado artistas de talla internacional como el caso del humorista Miguel \u00c1ngel Cherutti, quien se present\u00f3 este fin de semana.<\/strong><\/h4>\n<p>El fr\u00edo de la noche del domingo no amilan\u00f3 a la gente que concurri\u00f3 al <strong>Antonio Lafalla<\/strong> con el objetivo de presenciar un gran espect\u00e1culo de humor encabezado por <strong>Miguel \u00c1ngel Cherutti<\/strong> quien, como otros artistas, se sorprendi\u00f3 gratamente con la participaci\u00f3n del p\u00fablico alvearense: \u201c<em>No es normal que haya tanto silencio respetuoso, como artista y los escenarios recorridos te vas lleno de muchas cosas y con m\u00e1s energ\u00eda de la que llegaste, fue muy especial ver a la familia en este d\u00eda del padre<\/em>\u201d expres\u00f3 el artista que present\u00f3 su unipersonal sobre las tablas del Cine Teatro.<\/p>\n<p><strong>Cherutti<\/strong> resalt\u00f3 la calidez del p\u00fablico del interior del pa\u00eds: <em>\u201cSigue siendo un term\u00f3metro muy importante, incluso m\u00e1s que calle Corrientes, en Mar del Plata tenes tres meses y de tu ciudad va mucha gente a veranear, ac\u00e1 en Alvear hay un festival muy importante donde ya tuve la suerte de subirme y cada uno te deja un mensaje. Hoy la pase muy bien y tranquilo, eso se agradece<\/em>\u201d.<\/p>\n<div id=\"attachment_54176\" style=\"width: 300px\" class=\"wp-caption alignleft\"><a href=\"http:\/\/vinasfm.com\/noticias\/wp-content\/uploads\/2019\/06\/Miguel-Angel-Cherutti-2.jpg\"><img loading=\"lazy\" decoding=\"async\" aria-describedby=\"caption-attachment-54176\" class=\"wp-image-54176 size-medium\" src=\"http:\/\/vinasfm.com\/noticias\/wp-content\/uploads\/2019\/06\/Miguel-Angel-Cherutti-2-300x199.jpg\" alt=\"\" width=\"300\" height=\"199\" srcset=\"https:\/\/vinasfm.com\/noticias\/wp-content\/uploads\/2019\/06\/Miguel-Angel-Cherutti-2-300x199.jpg 300w, https:\/\/vinasfm.com\/noticias\/wp-content\/uploads\/2019\/06\/Miguel-Angel-Cherutti-2-768x509.jpg 768w, https:\/\/vinasfm.com\/noticias\/wp-content\/uploads\/2019\/06\/Miguel-Angel-Cherutti-2-1024x678.jpg 1024w\" sizes=\"auto, (max-width: 300px) 100vw, 300px\" \/><\/a><p id=\"caption-attachment-54176\" class=\"wp-caption-text\">Con gran marco de p\u00fablico se desarroll\u00f3 \u00abCherutti Inoxidable\u00bb.<\/p><\/div>\n<p>Otro de los puntos que fueron destacados por el artista de renombre internacional fue la calidad y magnificencia del <strong>Cine Teatro Antonio Lafalla<\/strong>. \u201c<em>Muchas veces recorremos teatros que est\u00e1n venidos abajo, y lo digo con respeto, pero esta sala es maravillosa por eso los felicito<\/em>\u201d manifest\u00f3 <strong>Miguel \u00c1ngel Cherutti<\/strong>.<\/p>\n<p>De esta forma, General Alvear se apronta para recibir una gran catarata de artistas de renombre, espect\u00e1culos que estar\u00e1n enmarcados en el <strong>ciclo TAL19\u00a0 \u00a1Que Tal!<\/strong> que comenzar\u00e1 con la visita de <strong>Javier Calamaro el pr\u00f3ximo 29 de junio<\/strong>, continuar\u00e1 con <strong>Hern\u00e1n Piqu\u00edn el 21 de julio<\/strong>, la presentaci\u00f3n de la <strong>Orquesta Sinf\u00f3nica de la UNCuyo el 12 de agosto<\/strong>, <strong>Baglietto &#8211; Vittale el 17 de agosto<\/strong> y la obra de teatro infantil <strong>\u201cAlicia en el Pa\u00eds de las Maravillas\u201d que se presentar\u00e1 el 31 de agosto y el 1\u00ba de septiembre<\/strong>.<\/p>\n<h5><em>F.B. (Redacci\u00f3n F.M. Vi\u00f1as).<\/em><\/h5>\n","protected":false},"excerpt":{"rendered":"<p>Nuestro departamento vive la cultura intensamente desde que el Cine Teatro Antonio Lafalla abri\u00f3 sus puertas, hasta aqu\u00ed han llegado artistas &#8230;<\/p>\n","protected":false},"author":5,"featured_media":54177,"comment_status":"open","ping_status":"open","sticky":false,"template":"","format":"standard","meta":{"footnotes":""},"categories":[1],"tags":[],"class_list":["post-54172","post","type-post","status-publish","format-standard","has-post-thumbnail","hentry","category-fmvinas"],"_links":{"self":[{"href":"https:\/\/vinasfm.com\/noticias\/wp-json\/wp\/v2\/posts\/54172","targetHints":{"allow":["GET"]}}],"collection":[{"href":"https:\/\/vinasfm.com\/noticias\/wp-json\/wp\/v2\/posts"}],"about":[{"href":"https:\/\/vinasfm.com\/noticias\/wp-json\/wp\/v2\/types\/post"}],"author":[{"embeddable":true,"href":"https:\/\/vinasfm.com\/noticias\/wp-json\/wp\/v2\/users\/5"}],"replies":[{"embeddable":true,"href":"https:\/\/vinasfm.com\/noticias\/wp-json\/wp\/v2\/comments?post=54172"}],"version-history":[{"count":1,"href":"https:\/\/vinasfm.com\/noticias\/wp-json\/wp\/v2\/posts\/54172\/revisions"}],"predecessor-version":[{"id":54178,"href":"https:\/\/vinasfm.com\/noticias\/wp-json\/wp\/v2\/posts\/54172\/revisions\/54178"}],"wp:featuredmedia":[{"embeddable":true,"href":"https:\/\/vinasfm.com\/noticias\/wp-json\/wp\/v2\/media\/54177"}],"wp:attachment":[{"href":"https:\/\/vinasfm.com\/noticias\/wp-json\/wp\/v2\/media?parent=54172"}],"wp:term":[{"taxonomy":"category","embeddable":true,"href":"https:\/\/vinasfm.com\/noticias\/wp-json\/wp\/v2\/categories?post=54172"},{"taxonomy":"post_tag","embeddable":true,"href":"https:\/\/vinasfm.com\/noticias\/wp-json\/wp\/v2\/tags?post=54172"}],"curies":[{"name":"wp","href":"https:\/\/api.w.org\/{rel}","templated":true}]}}