{"id":54158,"date":"2019-06-17T09:19:50","date_gmt":"2019-06-17T12:19:50","guid":{"rendered":"http:\/\/vinasfm.com\/noticias\/?p=54158"},"modified":"2019-06-18T10:01:18","modified_gmt":"2019-06-18T13:01:18","slug":"se-va-lluvia-pero-queda-el-frio","status":"publish","type":"post","link":"https:\/\/vinasfm.com\/noticias\/se-va-lluvia-pero-queda-el-frio\/","title":{"rendered":"SE VA LA LLUVIA PERO QUEDA EL FR\u00cdO"},"content":{"rendered":"<p><strong>De acuerdo al Pron\u00f3stico Agrometeorol\u00f3gico para la Regi\u00f3n Sur de Mendoza emitido por el Ing. Ra\u00fal Besa, este d\u00eda lunes estar\u00e1 inestable en la ma\u00f1ana y comenzar\u00e1 una mejor\u00eda, con ascenso de la temperatura el martes.<\/strong><\/p>\n<p>En lo que respecta al sector cordillerano, continuar\u00e1 inestable con posibilidad de algunas precipitaciones aisladas; vientos moderados del sector oeste.<\/p>\n<p><strong>PRON\u00d3STICO PARA EL D\u00cdA LUNES 17-6-19:<\/strong> Tiempo muy fr\u00edo en la ma\u00f1ana e inestable, con probabilidad de precipitaciones; fr\u00edo en la tarde con leve ascenso de la temperatura m\u00e1xima (9.0\u00baC para San Rafael, 10.0\u00baC para General Alvear y 5.0\u00baC para Malarg\u00fce); vientos predominantes del sudeste. Inestable con nubosidad variable en cordillera, con muy baja sensaci\u00f3n t\u00e9rmica y vientos moderados del sector oeste.<\/p>\n<p><strong>MARTES 18\/6:<\/strong> heladas generales. Tiempo muy fr\u00edo en la ma\u00f1ana y fresco en la tarde, ascenso de la temperatura m\u00e1xima (14\u00baC); vientos predominantes del oeste y sudoeste. Estable y soleado en cordillera con baja sensaci\u00f3n t\u00e9rmica y vientos moderados a suaves del sector oeste.<\/p>\n<p><strong>MI\u00c9RCOLES 19\/6:<\/strong> heladas. Tiempo fr\u00edo en la ma\u00f1ana y fresco en la tarde, poco cambio de la temperatura m\u00e1xima (15\u00baC); vientos predominantes del oeste y sudoeste. Estable en cordillera con baja sensaci\u00f3n t\u00e9rmica; vientos moderados del sector oeste.<\/p>\n<p><strong>INFORMACI\u00d3N PARA PRODUCTORES:<\/strong><\/p>\n<ul>\n<li>*Sugerencia para inicio de las labores de poda en frutales y vi\u00f1as: a partir de la segunda quincena de mayo (seg\u00fan variedades) y segunda quincena de junio, respectivamente.<\/li>\n<li>*Fecha pronosticada de heladas: semana del 18 al 23\/6\/19 (generales).<\/li>\n<\/ul>\n<p><strong>TENDENCIA CLIM\u00c1TICA:<\/strong> para la primera quincena de julio se esperan temperaturas medias superiores a las normales y precipitaciones normales a levemente superiores, respecto a las medias hist\u00f3ricas.<\/p>\n<p>A.C.<\/p>\n","protected":false},"excerpt":{"rendered":"<p>De acuerdo al Pron\u00f3stico Agrometeorol\u00f3gico para la Regi\u00f3n Sur de Mendoza emitido por el Ing. Ra\u00fal Besa, este d\u00eda lunes estar\u00e1 &#8230;<\/p>\n","protected":false},"author":5,"featured_media":54159,"comment_status":"open","ping_status":"open","sticky":false,"template":"","format":"standard","meta":{"footnotes":""},"categories":[5,36],"tags":[],"class_list":["post-54158","post","type-post","status-publish","format-standard","has-post-thumbnail","hentry","category-actualidad","category-pronostico"],"_links":{"self":[{"href":"https:\/\/vinasfm.com\/noticias\/wp-json\/wp\/v2\/posts\/54158","targetHints":{"allow":["GET"]}}],"collection":[{"href":"https:\/\/vinasfm.com\/noticias\/wp-json\/wp\/v2\/posts"}],"about":[{"href":"https:\/\/vinasfm.com\/noticias\/wp-json\/wp\/v2\/types\/post"}],"author":[{"embeddable":true,"href":"https:\/\/vinasfm.com\/noticias\/wp-json\/wp\/v2\/users\/5"}],"replies":[{"embeddable":true,"href":"https:\/\/vinasfm.com\/noticias\/wp-json\/wp\/v2\/comments?post=54158"}],"version-history":[{"count":1,"href":"https:\/\/vinasfm.com\/noticias\/wp-json\/wp\/v2\/posts\/54158\/revisions"}],"predecessor-version":[{"id":54163,"href":"https:\/\/vinasfm.com\/noticias\/wp-json\/wp\/v2\/posts\/54158\/revisions\/54163"}],"wp:featuredmedia":[{"embeddable":true,"href":"https:\/\/vinasfm.com\/noticias\/wp-json\/wp\/v2\/media\/54159"}],"wp:attachment":[{"href":"https:\/\/vinasfm.com\/noticias\/wp-json\/wp\/v2\/media?parent=54158"}],"wp:term":[{"taxonomy":"category","embeddable":true,"href":"https:\/\/vinasfm.com\/noticias\/wp-json\/wp\/v2\/categories?post=54158"},{"taxonomy":"post_tag","embeddable":true,"href":"https:\/\/vinasfm.com\/noticias\/wp-json\/wp\/v2\/tags?post=54158"}],"curies":[{"name":"wp","href":"https:\/\/api.w.org\/{rel}","templated":true}]}}