{"id":54152,"date":"2019-06-17T11:51:07","date_gmt":"2019-06-17T14:51:07","guid":{"rendered":"http:\/\/vinasfm.com\/noticias\/?p=54152"},"modified":"2019-06-17T11:54:31","modified_gmt":"2019-06-17T14:54:31","slug":"analia-garcia-destaco-en-puntos-de-vista-la-importancia-de-las-politicas-publicas-saludables","status":"publish","type":"post","link":"https:\/\/vinasfm.com\/noticias\/analia-garcia-destaco-en-puntos-de-vista-la-importancia-de-las-politicas-publicas-saludables\/","title":{"rendered":"ANAL\u00cdA GARC\u00cdA DESTAC\u00d3 EN \u00abPUNTOS DE VISTA\u00bb LA IMPORTANCIA DE LAS POL\u00cdTICAS PUBLICAS SALUDABLES"},"content":{"rendered":"<h4><strong>Tras la buena noticia sobre la declaraci\u00f3n de General Alvear como primer municipio saludable de Mendoza por la Organizaci\u00f3n Mundial de la Salud, Analia Garc\u00eda, a cargo de la Oficina de Municipio Saludable, estuvo en Puntos de Vista el pasado s\u00e1bado.<\/strong><\/h4>\n<p>El pasado lunes <strong>La Organizaci\u00f3n Panamericana de la Salud, dependiente de la OMS (Organizaci\u00f3n Mundial de la Salud), certific\u00f3 a General Alvear como\u00a0<\/strong><em>\u201cMunicipio Saludable Nivel 1\u201d. <\/em>Sin lugar a dudas esta buena nueva es el resultado del gran trabajo realizado por la\u00a0<strong>Oficina de Municipios Saludables<\/strong>, a cargo de\u00a0la <strong>Profesora Analia Garc\u00eda<\/strong>, en la implementaci\u00f3n de programas que buscan\u00a0la promoci\u00f3n de la salud que pretende que los ciudadanos como actores sociales, identifiquen sus necesidades y prioricen las actividades encaminadas para mejorar su bienestar y su calidad de vida.<\/p>\n<div id=\"attachment_54170\" style=\"width: 300px\" class=\"wp-caption alignleft\"><a href=\"http:\/\/vinasfm.com\/noticias\/wp-content\/uploads\/2019\/06\/17d2ce35-d13c-467e-b252-eda7c5e3cb8d.jpg\"><img loading=\"lazy\" decoding=\"async\" aria-describedby=\"caption-attachment-54170\" class=\"wp-image-54170 size-medium\" src=\"http:\/\/vinasfm.com\/noticias\/wp-content\/uploads\/2019\/06\/17d2ce35-d13c-467e-b252-eda7c5e3cb8d-300x225.jpg\" alt=\"\" width=\"300\" height=\"225\" srcset=\"https:\/\/vinasfm.com\/noticias\/wp-content\/uploads\/2019\/06\/17d2ce35-d13c-467e-b252-eda7c5e3cb8d-300x225.jpg 300w, https:\/\/vinasfm.com\/noticias\/wp-content\/uploads\/2019\/06\/17d2ce35-d13c-467e-b252-eda7c5e3cb8d-768x576.jpg 768w, https:\/\/vinasfm.com\/noticias\/wp-content\/uploads\/2019\/06\/17d2ce35-d13c-467e-b252-eda7c5e3cb8d-1024x768.jpg 1024w, https:\/\/vinasfm.com\/noticias\/wp-content\/uploads\/2019\/06\/17d2ce35-d13c-467e-b252-eda7c5e3cb8d.jpg 1040w\" sizes=\"auto, (max-width: 300px) 100vw, 300px\" \/><\/a><p id=\"caption-attachment-54170\" class=\"wp-caption-text\">Anal\u00eda Garc\u00eda en el estudio de F.M. Vi\u00f1as.<\/p><\/div>\n<p>En vivo en <em>F.M. Vi\u00f1as<\/em>,<strong> Garc\u00eda<\/strong> reflej\u00f3: \u201c<em>Es una satisfacci\u00f3n por lograr esta membrec\u00eda en la que <strong>de 33 comunas que se presentaron el a\u00f1o pasado en la convocatoria<\/strong>, <strong>solo acreditamos 9 siendo los \u00fanicos de Mendoza<\/strong><\/em>\u201d.<\/p>\n<p>Cabe destacar que\u00a0<strong>Alvear est\u00e1 continuamente creando y mejorando ambientes f\u00edsicos y sociales<\/strong>, y expandiendo los recursos comunitarios que habilitan a la gente para apoyarse mutuamente en el desempe\u00f1o de todas las funciones de la vida y para desarrollar su m\u00e1ximo potencial.<\/p>\n<h4><strong>\u00bfQU\u00c9 ES UN MUNICIPIO SALUDABLE?<\/strong><\/h4>\n<p><em>\u201cNo es f\u00e1cil interpretar <strong>qu\u00e9 es un municipio saludable<\/strong> porque muchas se le atribuye a la alimentaci\u00f3n pero se ampl\u00eda a mostrar avances en factores que condicionan negativamente una poblaci\u00f3n. <strong>La Salud es tomada en un concepto m\u00e1s amplio incluyendo el bienestar psicof\u00edsico, social y espiritual<\/strong><\/em>\u201d, subray\u00f3.<\/p>\n<p>Realizando una mirada retrospectiva, la titular del <strong>\u00c1rea de Municipio Saludable<\/strong>, testimoni\u00f3: \u201c<em>Logramos un espacio que nos cedieron dentro del hospital en aquel momento. Comenzamos a transitarlo armando nuestra sala de situaci\u00f3n de salud local y tras varias fase: municipio adherente, municipio titular, responsables y re certificamos como municipio responsable\u201d.<\/em><\/p>\n<p><em>\u201c<strong>Esto es una decisi\u00f3n pol\u00edtica del Ejecutivo de que estemos ac\u00e1 y con ganas de seguir avanzando<\/strong>. Afianzamos lo que ven\u00eda de la otra gesti\u00f3n y <strong>el \u00c1rea de Municipio Saludable hoy forma parte del Gabinete<\/strong>. Las pol\u00edticas p\u00fablicas saludables a largo plazo deben trabajarse as\u00ed<\/em>\u201d, consider\u00f3. \u201c<em>Felicitaron a General Alvear por este logro de fortalecerse institucionalmente y por las pol\u00edticas sustentables en el tiempo\u201d.<\/em><\/p>\n<h4><strong>IMPORTANCIA DEL \u00c1REA DE MUNICIPIO SALUDABLE<\/strong><\/h4>\n<p><em>\u201c<strong>Nuestra \u00c1rea es transversal a todas las \u00e1reas de la comuna porque todo tiene que ver con la salud<\/strong>. Cuando estas mejorando el asfalto condicionas positivamente la calidad de vida, cuando haces reductores de velocidad mejor\u00e1s la salud, cuando das oferta de actividad f\u00edsica a diferentes grupos etarios de la poblaci\u00f3n mejoras la condici\u00f3n de salud, cuando mejoras los desag\u00fces y as\u00ed un sinf\u00edn de etc\u00e9teras que <strong>hacen al bienestar de la poblaci\u00f3n<\/strong>\u201d, <\/em>explic\u00f3 <strong>Garc\u00eda<\/strong>.<\/p>\n<p>Las iniciativas que ha tenido el equipo t\u00e9cnico de Municipio Saludable, que no son de f\u00e1cil aplicaci\u00f3n, como los <strong>quioscos saludables en los colegios<\/strong> significan un cambio cultural importante. <em>\u00abEstamos realizando un concurso en el que hay colegios que est\u00e1n participando que se llama \u2018<strong>Fruteando tu Escuela\u2019 <\/strong>donde el ganador entre otros premios se gana frutas gratis durante todo el a\u00f1o para el establecimiento educativo\u201d,\u00a0<\/em>destac\u00f3.<\/p>\n<p><em>\u201c<strong>Todas estas pol\u00edticas p\u00fablicas saludables significan un mejoramiento en la calidad de vida de las personas. En el mundo se habla de volver a las recetas de la abuela, a las huertas familiares, a la producci\u00f3n local, \u00a0tratar de no consumir productos industrializados y dem\u00e1s<\/strong>\u201d, <\/em>concluy\u00f3 <strong>Anal\u00eda Garc\u00eda<\/strong>.<\/p>\n<h5><em>F.B. (Redacci\u00f3n F.M. Vi\u00f1as).<\/em><\/h5>\n","protected":false},"excerpt":{"rendered":"<p>Tras la buena noticia sobre la declaraci\u00f3n de General Alvear como primer municipio saludable de Mendoza por la Organizaci\u00f3n Mundial de &#8230;<\/p>\n","protected":false},"author":5,"featured_media":54164,"comment_status":"open","ping_status":"open","sticky":false,"template":"","format":"standard","meta":{"footnotes":""},"categories":[5,1],"tags":[],"class_list":["post-54152","post","type-post","status-publish","format-standard","has-post-thumbnail","hentry","category-actualidad","category-fmvinas"],"_links":{"self":[{"href":"https:\/\/vinasfm.com\/noticias\/wp-json\/wp\/v2\/posts\/54152","targetHints":{"allow":["GET"]}}],"collection":[{"href":"https:\/\/vinasfm.com\/noticias\/wp-json\/wp\/v2\/posts"}],"about":[{"href":"https:\/\/vinasfm.com\/noticias\/wp-json\/wp\/v2\/types\/post"}],"author":[{"embeddable":true,"href":"https:\/\/vinasfm.com\/noticias\/wp-json\/wp\/v2\/users\/5"}],"replies":[{"embeddable":true,"href":"https:\/\/vinasfm.com\/noticias\/wp-json\/wp\/v2\/comments?post=54152"}],"version-history":[{"count":2,"href":"https:\/\/vinasfm.com\/noticias\/wp-json\/wp\/v2\/posts\/54152\/revisions"}],"predecessor-version":[{"id":54175,"href":"https:\/\/vinasfm.com\/noticias\/wp-json\/wp\/v2\/posts\/54152\/revisions\/54175"}],"wp:featuredmedia":[{"embeddable":true,"href":"https:\/\/vinasfm.com\/noticias\/wp-json\/wp\/v2\/media\/54164"}],"wp:attachment":[{"href":"https:\/\/vinasfm.com\/noticias\/wp-json\/wp\/v2\/media?parent=54152"}],"wp:term":[{"taxonomy":"category","embeddable":true,"href":"https:\/\/vinasfm.com\/noticias\/wp-json\/wp\/v2\/categories?post=54152"},{"taxonomy":"post_tag","embeddable":true,"href":"https:\/\/vinasfm.com\/noticias\/wp-json\/wp\/v2\/tags?post=54152"}],"curies":[{"name":"wp","href":"https:\/\/api.w.org\/{rel}","templated":true}]}}