{"id":54150,"date":"2019-06-17T10:07:47","date_gmt":"2019-06-17T13:07:47","guid":{"rendered":"http:\/\/vinasfm.com\/noticias\/?p=54150"},"modified":"2019-06-17T10:58:37","modified_gmt":"2019-06-17T13:58:37","slug":"mario-barbieri-en-puntos-de-vista-corta-de-agua-y-que-se-paga-en-la-boleta-de-irrigacion","status":"publish","type":"post","link":"https:\/\/vinasfm.com\/noticias\/mario-barbieri-en-puntos-de-vista-corta-de-agua-y-que-se-paga-en-la-boleta-de-irrigacion\/","title":{"rendered":"MARIO BARBIERI EN PUNTOS DE VISTA: CORTA DE AGUA Y PLANES DE PAGO PARA DEUDORES"},"content":{"rendered":"<p>Si bien la <strong>corta de agua en la cuenca del Atuel<\/strong> hab\u00eda comenzado hace m\u00e1s de un mes, por estos d\u00edas se desarrolla en toda la provincia. Durante el periodo de corta se realizan todos los mantenimientos y mejoramientos de la red h\u00eddrica. <strong>Ante este panorama F.M. Vi\u00f1as entrevist\u00f3 al Sub Delegado del R\u00edo Atuel, Ing. Mario Barbieri. <\/strong><\/p>\n<p><strong>\u201cSiempre ha habido una corta de agua que ahora se ha extendido por la poca oferta debido a 10 a\u00f1os de crisis h\u00eddrica y estos \u00faltimos a\u00f1os ha sido m\u00e1s que notorio\u201d,<\/strong> reflej\u00f3 Barbieri.<\/p>\n<p><strong>VI\u00d1AS: \u00bfPor qu\u00e9 nosotros cortamos en una \u00e9poca y el Diamante en otra, tienen m\u00e1s agua?<\/strong><\/p>\n<p><em><strong>MB:<\/strong> La situaci\u00f3n clim\u00e1tica de ambos r\u00edos es la misma, lo que pasa es que la relaci\u00f3n de oferta demanda que ambas cuencas tienen es distinta.<\/em><\/p>\n<p style=\"text-align: center;\">La cuenca del Atuel tiene alrededor de 40.000 hect\u00e1reas bajo regad\u00edo, mientras que en el Diamante rondan las 30.000, con una capacidad de embalse mucho mayor.<\/p>\n<p><em>Actualmente el sistema de embalses Nihuil \u2013 Valle Grande se encuentra al 50% de acumulaci\u00f3n.<\/em><\/p>\n<p><strong>VI\u00d1AS: \u00bfPodr\u00edamos tomar agua del Diamante para utilizarla en el caudal del Atuel?<\/strong><\/p>\n<p><em>MB: <strong>Es un tema donde empiezan a jugar los derechos inherentes a la tierra y temas legales.<\/strong> <strong>Si, la factibilidad de poder hacerlo f\u00edsica y t\u00e9cnicamente est\u00e1<\/strong>. Esta dentro de los an\u00e1lisis que habitualmente se hacen por ejemplo dentro de los planes de obras. Tiene que estar muy bien regulado, y con un objetivo y destino claro.<\/em><\/p>\n<p><strong>VI\u00d1AS: Sin que nosotros da\u00f1emos el ecosistema del Diamante aguas abajo<\/strong><\/p>\n<p><em>MB: S\u00ed, por supuesto. Es un tema complejo de an\u00e1lisis, m\u00e1s desde el punto de vista legal que t\u00e9cnico. Tiene que ser decidido por el M\u00e1ximo Tribunal de Irrigaci\u00f3n en conjunto con los Sub Delegados y el Superintendente<\/em><\/p>\n<p>En medio de la entrevista un oyente mediante las redes sociales pregunt\u00f3: <strong>\u00bfPor qu\u00e9 se le sigue cobrando el agua a las fincas que no usan el servicio como cualquier otro servicio que se presta?<\/strong><\/p>\n<p><em>MB: Hay que diferenciar dos cosas, <strong>esto no es un servicio, se podr\u00eda denominar como un impuesto, un derecho que se paga y es inherente a la tierra. En el pago del canon de riego, no est\u00e1 pagando solamente el agua<\/strong>, sino todo lo que se hace en mantenimiento, infraestructura, todo el sistema para que el agua pueda llegar de la mejor manera posible a las fincas.<\/em><\/p>\n<p><strong>VI\u00d1AS: \u00bfHay planes especiales para cuando un tierra abandonada se pone en marcha o se logra vender que la persona vuelva a hacerla producir?<\/strong><\/p>\n<p><strong>MB:<\/strong> Hay planes, actualmente en el sistema hay 3 que se diferencian en la cantidad de cuotas para poder regularizar el canon de riego y poder ponerse al d\u00eda.<\/p>\n<p>Se arranca por uno de 6 cuotas sin inter\u00e9s, hay otro de 12 con 2% de inter\u00e9s y uno de 24 con 3% de inter\u00e9s mensual. Por pago contado se hace la quita del 100% de los intereses generados.<\/p>\n<p>Adem\u00e1s est\u00e1 el plan de tierras incultas por el cual uno se puede adherir, luego de constatar el estado de la propiedad, se inicia un expediente, la deuda al momento de la adhesi\u00f3n queda congelada. El plan tiene dos a\u00f1os de gracia, el usuario empieza a pagar en 2.021, en 10 cuotas semestrales con 1% de inter\u00e9s.<\/p>\n<p><strong><em>A.C. (Redacci\u00f3n F.M. Vi\u00f1as).<\/em><\/strong><\/p>\n","protected":false},"excerpt":{"rendered":"<p>Si bien la corta de agua en la cuenca del Atuel hab\u00eda comenzado hace m\u00e1s de un mes, por estos d\u00edas &#8230;<\/p>\n","protected":false},"author":5,"featured_media":54155,"comment_status":"open","ping_status":"open","sticky":false,"template":"","format":"standard","meta":{"footnotes":""},"categories":[1],"tags":[],"class_list":["post-54150","post","type-post","status-publish","format-standard","has-post-thumbnail","hentry","category-fmvinas"],"_links":{"self":[{"href":"https:\/\/vinasfm.com\/noticias\/wp-json\/wp\/v2\/posts\/54150","targetHints":{"allow":["GET"]}}],"collection":[{"href":"https:\/\/vinasfm.com\/noticias\/wp-json\/wp\/v2\/posts"}],"about":[{"href":"https:\/\/vinasfm.com\/noticias\/wp-json\/wp\/v2\/types\/post"}],"author":[{"embeddable":true,"href":"https:\/\/vinasfm.com\/noticias\/wp-json\/wp\/v2\/users\/5"}],"replies":[{"embeddable":true,"href":"https:\/\/vinasfm.com\/noticias\/wp-json\/wp\/v2\/comments?post=54150"}],"version-history":[{"count":1,"href":"https:\/\/vinasfm.com\/noticias\/wp-json\/wp\/v2\/posts\/54150\/revisions"}],"predecessor-version":[{"id":54166,"href":"https:\/\/vinasfm.com\/noticias\/wp-json\/wp\/v2\/posts\/54150\/revisions\/54166"}],"wp:featuredmedia":[{"embeddable":true,"href":"https:\/\/vinasfm.com\/noticias\/wp-json\/wp\/v2\/media\/54155"}],"wp:attachment":[{"href":"https:\/\/vinasfm.com\/noticias\/wp-json\/wp\/v2\/media?parent=54150"}],"wp:term":[{"taxonomy":"category","embeddable":true,"href":"https:\/\/vinasfm.com\/noticias\/wp-json\/wp\/v2\/categories?post=54150"},{"taxonomy":"post_tag","embeddable":true,"href":"https:\/\/vinasfm.com\/noticias\/wp-json\/wp\/v2\/tags?post=54150"}],"curies":[{"name":"wp","href":"https:\/\/api.w.org\/{rel}","templated":true}]}}