{"id":54126,"date":"2019-06-17T10:00:48","date_gmt":"2019-06-17T13:00:48","guid":{"rendered":"http:\/\/vinasfm.com\/noticias\/?p=54126"},"modified":"2019-06-18T11:45:50","modified_gmt":"2019-06-18T14:45:50","slug":"un-policia-fue-denunciado-por-abuso-sexual-y-corrupcion-de-menores","status":"publish","type":"post","link":"https:\/\/vinasfm.com\/noticias\/un-policia-fue-denunciado-por-abuso-sexual-y-corrupcion-de-menores\/","title":{"rendered":"UN POLIC\u00cdA FUE DENUNCIADO POR ABUSO SEXUAL Y CORRUPCI\u00d3N DE MENORES"},"content":{"rendered":"<h4><strong>La detenci\u00f3n tuvo como protagonista a un polic\u00eda de General Alvear y se registr\u00f3 bien temprano el s\u00e1bado.<\/strong><\/h4>\n<p>De acuerdo con lo que informaron fuentes judiciales, <strong>F.A.M.<\/strong> (<strong><em>32 a\u00f1os<\/em><\/strong>) fue detenido como consecuencia de una grave denuncia que <strong>realiz\u00f3 la hija de su pareja<\/strong>. La v\u00edctima, <strong>menor de edad<\/strong>, <strong>report\u00f3 haber sido abusada sexualmente por F.A.M.<\/strong> <strong>con acceso carnal<\/strong>, lo que dio lugar al expediente P-712013\/19, que recal\u00f3 en la <strong>Fiscal\u00eda de Instrucci\u00f3n N\u00ba 2 de Alvear<\/strong>, a cargo de Mart\u00edn Castro.<\/p>\n<p>El polic\u00eda est\u00e1 acusado de \u201c<em>promoci\u00f3n a la corrupci\u00f3n de menores agravada por la convivencia y abuso sexual con acceso carnal agravado por la convivencia y por ser la v\u00edctima menor de 18 a\u00f1os<\/em>\u201d.<\/p>\n<p>En funci\u00f3n de lo anterior, <strong>F.A.M.<\/strong> <strong>fue detenido el s\u00e1bado en la ma\u00f1ana<\/strong>, <strong>durante un allanamiento que se efectu\u00f3 en su vivienda y por el que se secuestraron dos tel\u00e9fonos celulares<\/strong>, los que ser\u00e1n peritados en b\u00fasqueda de material probatorio que sirva para la causa.<\/p>\n<p><strong>F.A.M. presta servicio en Cuerpos Especiales de General Alvear <\/strong>y ahora <strong>enfrenta grav\u00edsimas acusaciones<\/strong>, de las que habr\u00eda resultado v\u00edctima la hija menor de su pareja, con la que conviv\u00eda, de acuerdo con los primeros pasos de la investigaci\u00f3n.<br \/>\nEn t\u00e9rminos penales, la corrupci\u00f3n de menores consiste en la manipulaci\u00f3n o abuso de incapaces por parte del autor del delito, quien hace participar a la v\u00edctima de forma prematura u obscena, en actividades de naturaleza sexual que perjudican el desarrollo de su personalidad.<\/p>\n<p>El <strong>C\u00f3digo Penal Argentino<\/strong> refiere a la corrupci\u00f3n de menores en su art\u00edculo 125, donde establece: \u201c<em>el que promoviere o facilitare la corrupci\u00f3n de menores de dieciocho a\u00f1os, aunque mediare el consentimiento de la v\u00edctima ser\u00e1 reprimido con reclusi\u00f3n o prisi\u00f3n de tres a diez a\u00f1os.<\/em><em><br \/>\nLa pena ser\u00e1 de seis a quince a\u00f1os de reclusi\u00f3n o prisi\u00f3n cuando la v\u00edctima fuera menor de trece a\u00f1os.<br \/>\nCualquiera que fuese la edad de la v\u00edctima, la pena ser\u00e1 de reclusi\u00f3n o prisi\u00f3n de diez a quince a\u00f1os, cuando mediare enga\u00f1o, violencia, amenaza, abuso de autoridad o cualquier otro medio de intimidaci\u00f3n o coerci\u00f3n, como tambi\u00e9n si el autor fuera ascendiente, c\u00f3nyuge, hermano, tutor o persona conviviente o encargada de su educaci\u00f3n o guarda<\/em>\u201d.<\/p>\n<p>Asimismo, siempre en base a la acusaci\u00f3n que enfrenta <strong>F.A.M.<\/strong>, el abuso sexual agravado por acceso carnal, por la situaci\u00f3n de convivencia preexistente y por ser la v\u00edctima menor de 18 a\u00f1os, <strong>da lugar a penas de hasta 20 a\u00f1os de prisi\u00f3n, de acuerdo con el art\u00edculo 119 del mismo C\u00f3digo<\/strong>.<\/p>\n<h5><em>F.B. (Redacci\u00f3n F.M. Vi\u00f1as).<\/em><\/h5>\n","protected":false},"excerpt":{"rendered":"<p>La detenci\u00f3n tuvo como protagonista a un polic\u00eda de General Alvear y se registr\u00f3 bien temprano el s\u00e1bado. De acuerdo con &#8230;<\/p>\n","protected":false},"author":5,"featured_media":46754,"comment_status":"open","ping_status":"open","sticky":false,"template":"","format":"standard","meta":{"footnotes":""},"categories":[5,22],"tags":[],"class_list":["post-54126","post","type-post","status-publish","format-standard","has-post-thumbnail","hentry","category-actualidad","category-justicia"],"_links":{"self":[{"href":"https:\/\/vinasfm.com\/noticias\/wp-json\/wp\/v2\/posts\/54126","targetHints":{"allow":["GET"]}}],"collection":[{"href":"https:\/\/vinasfm.com\/noticias\/wp-json\/wp\/v2\/posts"}],"about":[{"href":"https:\/\/vinasfm.com\/noticias\/wp-json\/wp\/v2\/types\/post"}],"author":[{"embeddable":true,"href":"https:\/\/vinasfm.com\/noticias\/wp-json\/wp\/v2\/users\/5"}],"replies":[{"embeddable":true,"href":"https:\/\/vinasfm.com\/noticias\/wp-json\/wp\/v2\/comments?post=54126"}],"version-history":[{"count":1,"href":"https:\/\/vinasfm.com\/noticias\/wp-json\/wp\/v2\/posts\/54126\/revisions"}],"predecessor-version":[{"id":54130,"href":"https:\/\/vinasfm.com\/noticias\/wp-json\/wp\/v2\/posts\/54126\/revisions\/54130"}],"wp:featuredmedia":[{"embeddable":true,"href":"https:\/\/vinasfm.com\/noticias\/wp-json\/wp\/v2\/media\/46754"}],"wp:attachment":[{"href":"https:\/\/vinasfm.com\/noticias\/wp-json\/wp\/v2\/media?parent=54126"}],"wp:term":[{"taxonomy":"category","embeddable":true,"href":"https:\/\/vinasfm.com\/noticias\/wp-json\/wp\/v2\/categories?post=54126"},{"taxonomy":"post_tag","embeddable":true,"href":"https:\/\/vinasfm.com\/noticias\/wp-json\/wp\/v2\/tags?post=54126"}],"curies":[{"name":"wp","href":"https:\/\/api.w.org\/{rel}","templated":true}]}}