{"id":53796,"date":"2019-06-10T12:44:18","date_gmt":"2019-06-10T15:44:18","guid":{"rendered":"http:\/\/vinasfm.com\/noticias\/?p=53796"},"modified":"2019-06-11T09:33:27","modified_gmt":"2019-06-11T12:33:27","slug":"la-jornada-civica-se-desarrollo-sin-incidentes-en-materia-policial","status":"publish","type":"post","link":"https:\/\/vinasfm.com\/noticias\/la-jornada-civica-se-desarrollo-sin-incidentes-en-materia-policial\/","title":{"rendered":"LA JORNADA C\u00cdVICA SE DESARROLL\u00d3 SIN INCIDENTES EN MATERIA POLICIAL"},"content":{"rendered":"<h4><strong>Los alvearenses concurrimos a las urnas este domingo 9 en el marco de las Elecciones P.A.S.O. donde se sufragaba por precandidatos a gobernador\/a, intendente\/a, concejales, diputados\/as, senadores\/as. En la primera elecci\u00f3n de 2019 en la que particip\u00f3 General Alvear no se registraron anomal\u00edas desde el punto de vista policial.<\/strong><\/h4>\n<p>En contacto con <strong><em>F.M. Vi\u00f1as 96.3<\/em><\/strong>, el <strong>Comisario Modesto Bravo de Comisar\u00eda 14\u00b0<\/strong> detall\u00f3 el desarrollo del operativo desplazado: \u201c<em>Desde horas tempranas se dispuso el operativo en la parte interna cubierta totalmente por el personal policial y patrullaje en las inmediaciones de los establecimientos escolares y Correo Argentino\u201d. <\/em>Adem\u00e1s subray\u00f3 la benem\u00e9rita labor policial en el traslado de las urnas desde las escuelas situadas en los parajes alvearenses hasta el <strong>Correo<\/strong>.<\/p>\n<p><em>\u201c<strong>La jornada c\u00edvica se desarroll\u00f3 sin novedades ni incidentes de ninguna \u00edndole<\/strong>\u201d, <\/em>destac\u00f3 <strong>Bravo<\/strong>. <em>\u201cLa afectaci\u00f3n del personal policial ha sido del total. Se dividi\u00f3 a los uniformados en dos turnos sume a la tarea de los efectivos que estaban de guardia en Comisar\u00eda\u201d, <\/em>reflej\u00f3 sobre el armado del <strong>esquema del operativo<\/strong>.<\/p>\n<p>\u201c<em>Polic\u00eda de Cuerpos Especiales y Polic\u00eda Vial tuvieron el apoyo de los efectivos auxiliares del Instituto tras recibir varios cursos y charlas donde se han ido enviado efectivos para su capacitaci\u00f3n<\/em>\u201d, remarc\u00f3 sobre la participaci\u00f3n de los recientemente egresados del <strong>Instituto Universitario de Seguridad P\u00fablica (IUSP)<\/strong>.<\/p>\n<p>Como dato extra, <strong>los dos detenidos por tentativa de robo <\/strong>que fueron aprehendidos in fraganti el pasado viernes en una vivienda situada en Arist\u00f3bulo de Valle y Rep\u00fablica de Siria <strong>fueron trasladados<\/strong>, con custodia policial, <strong>al establecimiento <\/strong>educativo <strong>donde les correspond\u00eda emitir el sufragio<\/strong>. Los masculinos fueron autorizados conforme a lo dispuesto por el Ayudante Fiscal.<\/p>\n<h5><em>F.B. (Redacci\u00f3n F.M. Vi\u00f1as). <\/em><\/h5>\n","protected":false},"excerpt":{"rendered":"<p>Los alvearenses concurrimos a las urnas este domingo 9 en el marco de las Elecciones P.A.S.O. donde se sufragaba por precandidatos &#8230;<\/p>\n","protected":false},"author":5,"featured_media":53798,"comment_status":"open","ping_status":"open","sticky":false,"template":"","format":"standard","meta":{"footnotes":""},"categories":[1],"tags":[],"class_list":["post-53796","post","type-post","status-publish","format-standard","has-post-thumbnail","hentry","category-fmvinas"],"_links":{"self":[{"href":"https:\/\/vinasfm.com\/noticias\/wp-json\/wp\/v2\/posts\/53796","targetHints":{"allow":["GET"]}}],"collection":[{"href":"https:\/\/vinasfm.com\/noticias\/wp-json\/wp\/v2\/posts"}],"about":[{"href":"https:\/\/vinasfm.com\/noticias\/wp-json\/wp\/v2\/types\/post"}],"author":[{"embeddable":true,"href":"https:\/\/vinasfm.com\/noticias\/wp-json\/wp\/v2\/users\/5"}],"replies":[{"embeddable":true,"href":"https:\/\/vinasfm.com\/noticias\/wp-json\/wp\/v2\/comments?post=53796"}],"version-history":[{"count":1,"href":"https:\/\/vinasfm.com\/noticias\/wp-json\/wp\/v2\/posts\/53796\/revisions"}],"predecessor-version":[{"id":53804,"href":"https:\/\/vinasfm.com\/noticias\/wp-json\/wp\/v2\/posts\/53796\/revisions\/53804"}],"wp:featuredmedia":[{"embeddable":true,"href":"https:\/\/vinasfm.com\/noticias\/wp-json\/wp\/v2\/media\/53798"}],"wp:attachment":[{"href":"https:\/\/vinasfm.com\/noticias\/wp-json\/wp\/v2\/media?parent=53796"}],"wp:term":[{"taxonomy":"category","embeddable":true,"href":"https:\/\/vinasfm.com\/noticias\/wp-json\/wp\/v2\/categories?post=53796"},{"taxonomy":"post_tag","embeddable":true,"href":"https:\/\/vinasfm.com\/noticias\/wp-json\/wp\/v2\/tags?post=53796"}],"curies":[{"name":"wp","href":"https:\/\/api.w.org\/{rel}","templated":true}]}}